{"id":1896,"date":"2019-05-10T18:10:20","date_gmt":"2019-05-10T16:10:20","guid":{"rendered":"https:\/\/schlossinsellauf.de\/?p=1896"},"modified":"2019-05-10T18:10:20","modified_gmt":"2019-05-10T16:10:20","slug":"ein-bewegtes-wochenende","status":"publish","type":"post","link":"https:\/\/schlossinsellauf.de\/index.php\/2019\/05\/10\/ein-bewegtes-wochenende\/","title":{"rendered":"Ein bewegtes Wochenende"},"content":{"rendered":"<p>Getreu unserem Motto <strong>,,<em>Freude an der Bewegung\u201c<\/em><\/strong> fand am vergangenen Wochenende die Premiere des Sportlagers der Evangelischen Grundschule in L\u00fcbben statt.<\/p>\n<p>Mit 21 Kindern der Klassen 2 bis 6 aus den Arbeitsgemeinschaften Fu\u00dfball, Laufen, Tennis und Tanzen trafen wir uns am Freitagnachmittag auf dem Schulgel\u00e4nde in der Berliner Stra\u00dfe und machten uns im flotten Schritt auf zur Jugendherberge L\u00fcbben.<\/p>\n<p>Nachdem die Zimmer und Betten bezogen waren, konnte das Abenteuer <em>Sportcamp<\/em> so richtig losgehen.<\/p>\n<p>Mit der Wahl zwischen einem lockeren Lauf durch den idyllischen Spreewald oder einer Partie Fu\u00dfball brachten Markus Hinz, der Leiter der Lauf-AG und Slaven Kozica, Sportlehrer und Leiter der Tennis-AG, die ersten Schwei\u00dfperlen zum Rollen.<\/p>\n<p>Mit der Gitarre im Schlepptau sorgte sodann Frau Heidrun Liebsch, welche uns als Betreuerin und Motivator tatkr\u00e4ftig zur Seite stand, f\u00fcr die optimale Stimmung am abendlichen gemeinsamen Lagerfeuer.&nbsp;<\/p>\n\n\t\t<style type=\"text\/css\">\n\t\t\t#gallery-1 {\n\t\t\t\tmargin: auto;\n\t\t\t}\n\t\t\t#gallery-1 .gallery-item {\n\t\t\t\tfloat: left;\n\t\t\t\tmargin-top: 10px;\n\t\t\t\ttext-align: center;\n\t\t\t\twidth: 33%;\n\t\t\t}\n\t\t\t#gallery-1 img {\n\t\t\t\tborder: 2px solid #cfcfcf;\n\t\t\t}\n\t\t\t#gallery-1 .gallery-caption {\n\t\t\t\tmargin-left: 0;\n\t\t\t}\n\t\t\t\/* see gallery_shortcode() in wp-includes\/media.php *\/\n\t\t<\/style>\n\t\t<div id='gallery-1' class='gallery galleryid-1896 gallery-columns-3 gallery-size-thumbnail'><dl class='gallery-item'>\n\t\t\t<dt class='gallery-icon landscape'>\n\t\t\t\t<a href='https:\/\/schlossinsellauf.de\/wp-content\/uploads\/2019\/05\/2019-sportlager-jugendherberge-luebben_10.jpg'><img loading=\"lazy\" decoding=\"async\" width=\"150\" height=\"150\" src=\"https:\/\/schlossinsellauf.de\/wp-content\/uploads\/2019\/05\/2019-sportlager-jugendherberge-luebben_10-150x150.jpg\" class=\"attachment-thumbnail size-thumbnail\" alt=\"\" srcset=\"https:\/\/schlossinsellauf.de\/wp-content\/uploads\/2019\/05\/2019-sportlager-jugendherberge-luebben_10-150x150.jpg 150w, https:\/\/schlossinsellauf.de\/wp-content\/uploads\/2019\/05\/2019-sportlager-jugendherberge-luebben_10-90x90.jpg 90w, https:\/\/schlossinsellauf.de\/wp-content\/uploads\/2019\/05\/2019-sportlager-jugendherberge-luebben_10-75x75.jpg 75w\" sizes=\"auto, (max-width: 150px) 100vw, 150px\" \/><\/a>\n\t\t\t<\/dt><\/dl><dl class='gallery-item'>\n\t\t\t<dt class='gallery-icon landscape'>\n\t\t\t\t<a href='https:\/\/schlossinsellauf.de\/wp-content\/uploads\/2019\/05\/2019-sportlager-jugendherberge-luebben_1.jpg'><img loading=\"lazy\" decoding=\"async\" width=\"150\" height=\"150\" src=\"https:\/\/schlossinsellauf.de\/wp-content\/uploads\/2019\/05\/2019-sportlager-jugendherberge-luebben_1-150x150.jpg\" class=\"attachment-thumbnail size-thumbnail\" alt=\"\" srcset=\"https:\/\/schlossinsellauf.de\/wp-content\/uploads\/2019\/05\/2019-sportlager-jugendherberge-luebben_1-150x150.jpg 150w, https:\/\/schlossinsellauf.de\/wp-content\/uploads\/2019\/05\/2019-sportlager-jugendherberge-luebben_1-90x90.jpg 90w, https:\/\/schlossinsellauf.de\/wp-content\/uploads\/2019\/05\/2019-sportlager-jugendherberge-luebben_1-75x75.jpg 75w\" sizes=\"auto, (max-width: 150px) 100vw, 150px\" \/><\/a>\n\t\t\t<\/dt><\/dl><dl class='gallery-item'>\n\t\t\t<dt class='gallery-icon portrait'>\n\t\t\t\t<a href='https:\/\/schlossinsellauf.de\/wp-content\/uploads\/2019\/05\/2019-sportlager-jugendherberge-luebben_6.jpg'><img loading=\"lazy\" decoding=\"async\" width=\"150\" height=\"150\" src=\"https:\/\/schlossinsellauf.de\/wp-content\/uploads\/2019\/05\/2019-sportlager-jugendherberge-luebben_6-150x150.jpg\" class=\"attachment-thumbnail size-thumbnail\" alt=\"\" srcset=\"https:\/\/schlossinsellauf.de\/wp-content\/uploads\/2019\/05\/2019-sportlager-jugendherberge-luebben_6-150x150.jpg 150w, https:\/\/schlossinsellauf.de\/wp-content\/uploads\/2019\/05\/2019-sportlager-jugendherberge-luebben_6-90x90.jpg 90w, https:\/\/schlossinsellauf.de\/wp-content\/uploads\/2019\/05\/2019-sportlager-jugendherberge-luebben_6-75x75.jpg 75w\" sizes=\"auto, (max-width: 150px) 100vw, 150px\" \/><\/a>\n\t\t\t<\/dt><\/dl><br style=\"clear: both\" \/><dl class='gallery-item'>\n\t\t\t<dt class='gallery-icon portrait'>\n\t\t\t\t<a href='https:\/\/schlossinsellauf.de\/wp-content\/uploads\/2019\/05\/2019-sportlager-jugendherberge-luebben_4.jpg'><img loading=\"lazy\" decoding=\"async\" width=\"150\" height=\"150\" src=\"https:\/\/schlossinsellauf.de\/wp-content\/uploads\/2019\/05\/2019-sportlager-jugendherberge-luebben_4-150x150.jpg\" class=\"attachment-thumbnail size-thumbnail\" alt=\"\" srcset=\"https:\/\/schlossinsellauf.de\/wp-content\/uploads\/2019\/05\/2019-sportlager-jugendherberge-luebben_4-150x150.jpg 150w, https:\/\/schlossinsellauf.de\/wp-content\/uploads\/2019\/05\/2019-sportlager-jugendherberge-luebben_4-90x90.jpg 90w, https:\/\/schlossinsellauf.de\/wp-content\/uploads\/2019\/05\/2019-sportlager-jugendherberge-luebben_4-75x75.jpg 75w\" sizes=\"auto, (max-width: 150px) 100vw, 150px\" \/><\/a>\n\t\t\t<\/dt><\/dl><dl class='gallery-item'>\n\t\t\t<dt class='gallery-icon portrait'>\n\t\t\t\t<a href='https:\/\/schlossinsellauf.de\/wp-content\/uploads\/2019\/05\/2019-sportlager-jugendherberge-luebben_11.jpg'><img loading=\"lazy\" decoding=\"async\" width=\"150\" height=\"150\" src=\"https:\/\/schlossinsellauf.de\/wp-content\/uploads\/2019\/05\/2019-sportlager-jugendherberge-luebben_11-150x150.jpg\" class=\"attachment-thumbnail size-thumbnail\" alt=\"\" srcset=\"https:\/\/schlossinsellauf.de\/wp-content\/uploads\/2019\/05\/2019-sportlager-jugendherberge-luebben_11-150x150.jpg 150w, https:\/\/schlossinsellauf.de\/wp-content\/uploads\/2019\/05\/2019-sportlager-jugendherberge-luebben_11-90x90.jpg 90w, https:\/\/schlossinsellauf.de\/wp-content\/uploads\/2019\/05\/2019-sportlager-jugendherberge-luebben_11-75x75.jpg 75w\" sizes=\"auto, (max-width: 150px) 100vw, 150px\" \/><\/a>\n\t\t\t<\/dt><\/dl><dl class='gallery-item'>\n\t\t\t<dt class='gallery-icon landscape'>\n\t\t\t\t<a href='https:\/\/schlossinsellauf.de\/wp-content\/uploads\/2019\/05\/2019-sportlager-jugendherberge-luebben_3.jpg'><img loading=\"lazy\" decoding=\"async\" width=\"150\" height=\"150\" src=\"https:\/\/schlossinsellauf.de\/wp-content\/uploads\/2019\/05\/2019-sportlager-jugendherberge-luebben_3-150x150.jpg\" class=\"attachment-thumbnail size-thumbnail\" alt=\"\" srcset=\"https:\/\/schlossinsellauf.de\/wp-content\/uploads\/2019\/05\/2019-sportlager-jugendherberge-luebben_3-150x150.jpg 150w, https:\/\/schlossinsellauf.de\/wp-content\/uploads\/2019\/05\/2019-sportlager-jugendherberge-luebben_3-90x90.jpg 90w, https:\/\/schlossinsellauf.de\/wp-content\/uploads\/2019\/05\/2019-sportlager-jugendherberge-luebben_3-75x75.jpg 75w\" sizes=\"auto, (max-width: 150px) 100vw, 150px\" \/><\/a>\n\t\t\t<\/dt><\/dl><br style=\"clear: both\" \/>\n\t\t<\/div>\n\n<p>Trotz einer etwas kurzen Nacht fanden sich bereits um 07.30 Uhr alle zu einer morgendlichen Laufrunde mit Loreen Leichner und Markus Hinz ein, welche nach 3 km auch die letzten Schlafm\u00fctzen ordentlich wach r\u00fcttelte.<\/p>\n<p>Wegen k\u00fchler Temperaturen und st\u00e4ndiger Regenschauer verlegten wir die Aktivit\u00e4ten des Vormittages in die Sporthalle.<\/p>\n<p>Hier stand zun\u00e4chst unter der Leitung von Maria Schwarz ein entspannter Mix aus Yoga-, Pilates- und Muskel\u00fcbungen sowie eine kurze Schulung in Sachen gesunde Ern\u00e4hrung auf dem Programm.<\/p>\n<p>Nach einer kleinen Obstpause war wieder volle Power beim Lauf- und Hindernisparcour angesagt.<\/p>\n<p>Im weiteren Tagesverlauf folgten diverse Sportspiele, eine Wanderung auf die L\u00fcbbener Schlossinsel und nat\u00fcrlich auch ein bisschen Zeit, die Beine hoch zu legen.<\/p>\n<p>Wer vor dem gemeinsamen Grillen noch nicht genug hatte, konnte nochmals ein L\u00e4ufchen mit Markus Hinz absolvieren. Am Abend fanden wir uns wieder gemeinsam zu ein paar Liedern und Brettspielen ein, wobei dabei schnell klar wurde, dass heute kein Auge mehr lange aufbleiben wird.<\/p>\n<p>Sichtlich ausgepowert fielen alle sehr schnell in ihre Betten und auch das Betreuerteam, welches noch durch unseren Schulleiter, Herrn Axel Meier und die Hortleiterin Frau Kathrin H\u00f6now verst\u00e4rkt wurde, freute sich \u00fcber ein warmes Bett.<\/p>\n<p>Mit einem intensiven Morgenlauf \u00fcber 4 km, Fu\u00dfball und dem R\u00e4umen der Zimmer klang am Sonntagvormittag dieses fantastische Wochenende aus.<\/p>\n<p>Obwohl sich jeder wahrscheinlich auf einen ausgiebigen Mittagschlaf im eigenen Bett freute, waren wir doch ein bisschen traurig, dass die Zeit so schnell verging.<\/p>\n<p>Immer wieder erstaunt \u00fcber die Energie und den Bewegungsdrang von Kindern, stellten wir fest, dass mit der richtigen Motivation und Verpackung jeder zu sportlichen H\u00f6chstleistungen f\u00e4hig ist, sogar zu solchen, von denen er vorher allenfalls geh\u00f6rt hat.<\/p>\n<p>3 km laufen&#8230;vor dem Fr\u00fchst\u00fcck\u2026das schaff ich nie! Oh doch, wir haben es geschafft, sogar noch mehr. Am Samstagabend waren es fast 15 km, die unsere Rasselbande an diesem Tag zur\u00fccklegte.<\/p>\n\n\t\t<style type=\"text\/css\">\n\t\t\t#gallery-2 {\n\t\t\t\tmargin: auto;\n\t\t\t}\n\t\t\t#gallery-2 .gallery-item {\n\t\t\t\tfloat: left;\n\t\t\t\tmargin-top: 10px;\n\t\t\t\ttext-align: center;\n\t\t\t\twidth: 25%;\n\t\t\t}\n\t\t\t#gallery-2 img {\n\t\t\t\tborder: 2px solid #cfcfcf;\n\t\t\t}\n\t\t\t#gallery-2 .gallery-caption {\n\t\t\t\tmargin-left: 0;\n\t\t\t}\n\t\t\t\/* see gallery_shortcode() in wp-includes\/media.php *\/\n\t\t<\/style>\n\t\t<div id='gallery-2' class='gallery galleryid-1896 gallery-columns-4 gallery-size-thumbnail'><dl class='gallery-item'>\n\t\t\t<dt class='gallery-icon portrait'>\n\t\t\t\t<a href='https:\/\/schlossinsellauf.de\/wp-content\/uploads\/2019\/05\/2019-sportlager-jugendherberge-luebben_9.jpg'><img loading=\"lazy\" decoding=\"async\" width=\"150\" height=\"150\" src=\"https:\/\/schlossinsellauf.de\/wp-content\/uploads\/2019\/05\/2019-sportlager-jugendherberge-luebben_9-150x150.jpg\" class=\"attachment-thumbnail size-thumbnail\" alt=\"\" srcset=\"https:\/\/schlossinsellauf.de\/wp-content\/uploads\/2019\/05\/2019-sportlager-jugendherberge-luebben_9-150x150.jpg 150w, https:\/\/schlossinsellauf.de\/wp-content\/uploads\/2019\/05\/2019-sportlager-jugendherberge-luebben_9-90x90.jpg 90w, https:\/\/schlossinsellauf.de\/wp-content\/uploads\/2019\/05\/2019-sportlager-jugendherberge-luebben_9-75x75.jpg 75w\" sizes=\"auto, (max-width: 150px) 100vw, 150px\" \/><\/a>\n\t\t\t<\/dt><\/dl><dl class='gallery-item'>\n\t\t\t<dt class='gallery-icon portrait'>\n\t\t\t\t<a href='https:\/\/schlossinsellauf.de\/wp-content\/uploads\/2019\/05\/2019-sportlager-jugendherberge-luebben_8.jpg'><img loading=\"lazy\" decoding=\"async\" width=\"150\" height=\"150\" src=\"https:\/\/schlossinsellauf.de\/wp-content\/uploads\/2019\/05\/2019-sportlager-jugendherberge-luebben_8-150x150.jpg\" class=\"attachment-thumbnail size-thumbnail\" alt=\"\" srcset=\"https:\/\/schlossinsellauf.de\/wp-content\/uploads\/2019\/05\/2019-sportlager-jugendherberge-luebben_8-150x150.jpg 150w, https:\/\/schlossinsellauf.de\/wp-content\/uploads\/2019\/05\/2019-sportlager-jugendherberge-luebben_8-90x90.jpg 90w, https:\/\/schlossinsellauf.de\/wp-content\/uploads\/2019\/05\/2019-sportlager-jugendherberge-luebben_8-75x75.jpg 75w\" sizes=\"auto, (max-width: 150px) 100vw, 150px\" \/><\/a>\n\t\t\t<\/dt><\/dl><dl class='gallery-item'>\n\t\t\t<dt class='gallery-icon landscape'>\n\t\t\t\t<a href='https:\/\/schlossinsellauf.de\/wp-content\/uploads\/2019\/05\/2019-sportlager-jugendherberge-luebben_5.jpg'><img loading=\"lazy\" decoding=\"async\" width=\"150\" height=\"150\" src=\"https:\/\/schlossinsellauf.de\/wp-content\/uploads\/2019\/05\/2019-sportlager-jugendherberge-luebben_5-150x150.jpg\" class=\"attachment-thumbnail size-thumbnail\" alt=\"\" srcset=\"https:\/\/schlossinsellauf.de\/wp-content\/uploads\/2019\/05\/2019-sportlager-jugendherberge-luebben_5-150x150.jpg 150w, https:\/\/schlossinsellauf.de\/wp-content\/uploads\/2019\/05\/2019-sportlager-jugendherberge-luebben_5-90x90.jpg 90w, https:\/\/schlossinsellauf.de\/wp-content\/uploads\/2019\/05\/2019-sportlager-jugendherberge-luebben_5-75x75.jpg 75w\" sizes=\"auto, (max-width: 150px) 100vw, 150px\" \/><\/a>\n\t\t\t<\/dt><\/dl><dl class='gallery-item'>\n\t\t\t<dt class='gallery-icon portrait'>\n\t\t\t\t<a href='https:\/\/schlossinsellauf.de\/wp-content\/uploads\/2019\/05\/2019-sportlager-jugendherberge-luebben_11.jpg'><img loading=\"lazy\" decoding=\"async\" width=\"150\" height=\"150\" src=\"https:\/\/schlossinsellauf.de\/wp-content\/uploads\/2019\/05\/2019-sportlager-jugendherberge-luebben_11-150x150.jpg\" class=\"attachment-thumbnail size-thumbnail\" alt=\"\" srcset=\"https:\/\/schlossinsellauf.de\/wp-content\/uploads\/2019\/05\/2019-sportlager-jugendherberge-luebben_11-150x150.jpg 150w, https:\/\/schlossinsellauf.de\/wp-content\/uploads\/2019\/05\/2019-sportlager-jugendherberge-luebben_11-90x90.jpg 90w, https:\/\/schlossinsellauf.de\/wp-content\/uploads\/2019\/05\/2019-sportlager-jugendherberge-luebben_11-75x75.jpg 75w\" sizes=\"auto, (max-width: 150px) 100vw, 150px\" \/><\/a>\n\t\t\t<\/dt><\/dl><br style=\"clear: both\" \/>\n\t\t<\/div>\n\n<p>An diesem Wochenende konnte und ist jeder \u00fcber sich hinausgewachsen. Ob es die Vorw\u00e4rtsrolle war, die erstmalig geschafft wurde, ein Ausdauerlauf oder einfach mal die \u00dcberwindung, sich mit auf das Fu\u00dfballfeld zu stellen, auch wenn man dachte, das ist nicht mein Sport. Es wurden Freundschaften geschlossen und verst\u00e4rkt, die Selbstst\u00e4ndigkeit und der Teamgeist auf die Probe gestellt und nat\u00fcrlich ganz viel gelacht!<\/p>\n<p>Der Schl\u00fcssel zu fast allem war hier die Gemeinschaft. Es wurde angefeuert, getr\u00f6stet, mitgezogen und der Ehrgeiz geweckt. So lernten nicht nur die Kinder viel von uns, sondern wir auch viel von ihnen.<\/p>\n<p>Trotz des schlechten Wetters steht f\u00fcr uns fest, dass wir eine gelungene Premiere und jede Menge Spa\u00df hatten. Zu verdanken haben wir dies allen voran unseren gro\u00dfartigen kleinen Sportlern, den Eltern, welche uns ihr Vertrauen schenkten und nat\u00fcrlich dem Evangelischen Schulverein L\u00fcbben sowie dem Tr\u00e4ger der Schule, der Evangelischen Schulgemeinschaft Niederlausitz GmbH, die dieses Projekt finanziell \u00fcberhaupt erst erm\u00f6glichten.<\/p>\n<p>Wir hoffen, auch im n\u00e4chsten Jahr wieder eine so tolle Erfahrung, voller Kinderlachen, Gemeinschaftsgef\u00fchl und Bewegung erleben zu k\u00f6nnen und bedanken uns bei allen Beteiligten.<\/p>\n","protected":false},"excerpt":{"rendered":"<p>Getreu unserem Motto ,,Freude an der Bewegung\u201c fand am vergangenen Wochenende die Premiere des Sportlagers der Evangelischen Grundschule in L\u00fcbben statt. Mit 21 Kindern der Klassen 2 bis 6 aus den Arbeitsgemeinschaften Fu\u00dfball, Laufen, Tennis und Tanzen trafen wir uns am Freitagnachmittag auf dem Schulgel\u00e4nde in der Berliner Stra\u00dfe und machten uns im flotten Schritt auf zur Jugendherberge L\u00fcbben. Nachdem<\/p>\n","protected":false},"author":2,"featured_media":1900,"comment_status":"open","ping_status":"open","sticky":false,"template":"","format":"standard","meta":{"ngg_post_thumbnail":0,"footnotes":"","_links_to":"","_links_to_target":""},"categories":[3],"tags":[],"class_list":["post-1896","post","type-post","status-publish","format-standard","has-post-thumbnail","hentry","category-laufgemeinschaft"],"_links":{"self":[{"href":"https:\/\/schlossinsellauf.de\/index.php\/wp-json\/wp\/v2\/posts\/1896","targetHints":{"allow":["GET"]}}],"collection":[{"href":"https:\/\/schlossinsellauf.de\/index.php\/wp-json\/wp\/v2\/posts"}],"about":[{"href":"https:\/\/schlossinsellauf.de\/index.php\/wp-json\/wp\/v2\/types\/post"}],"author":[{"embeddable":true,"href":"https:\/\/schlossinsellauf.de\/index.php\/wp-json\/wp\/v2\/users\/2"}],"replies":[{"embeddable":true,"href":"https:\/\/schlossinsellauf.de\/index.php\/wp-json\/wp\/v2\/comments?post=1896"}],"version-history":[{"count":3,"href":"https:\/\/schlossinsellauf.de\/index.php\/wp-json\/wp\/v2\/posts\/1896\/revisions"}],"predecessor-version":[{"id":1912,"href":"https:\/\/schlossinsellauf.de\/index.php\/wp-json\/wp\/v2\/posts\/1896\/revisions\/1912"}],"wp:featuredmedia":[{"embeddable":true,"href":"https:\/\/schlossinsellauf.de\/index.php\/wp-json\/wp\/v2\/media\/1900"}],"wp:attachment":[{"href":"https:\/\/schlossinsellauf.de\/index.php\/wp-json\/wp\/v2\/media?parent=1896"}],"wp:term":[{"taxonomy":"category","embeddable":true,"href":"https:\/\/schlossinsellauf.de\/index.php\/wp-json\/wp\/v2\/categories?post=1896"},{"taxonomy":"post_tag","embeddable":true,"href":"https:\/\/schlossinsellauf.de\/index.php\/wp-json\/wp\/v2\/tags?post=1896"}],"curies":[{"name":"wp","href":"https:\/\/api.w.org\/{rel}","templated":true}]}}