{"id":2293,"date":"2019-09-01T21:07:31","date_gmt":"2019-09-01T19:07:31","guid":{"rendered":"https:\/\/schlossinsellauf.de\/?p=2293"},"modified":"2019-09-14T08:12:26","modified_gmt":"2019-09-14T06:12:26","slug":"auftakt-in-das-schuljahr-2019-2020","status":"publish","type":"post","link":"https:\/\/schlossinsellauf.de\/index.php\/2019\/09\/01\/auftakt-in-das-schuljahr-2019-2020\/","title":{"rendered":"Auftakt in das Schuljahr 2019\/2020"},"content":{"rendered":"<p>Mit dem Start in das neue Schuljahr nahm nat\u00fcrlich auch die <strong>Lauf-AG<\/strong> der <em>Evangelischen Grundschule L\u00fcbben<\/em> wieder ihre Arbeit auf. Zu unserer gro\u00dfen Freude konnten wir in diesem Jahr nicht nur alte Hasen wieder unter unseren Reihen begr\u00fc\u00dfen, sondern d\u00fcrfen auch neu gewonnenen Sch\u00fclern jeden Mittwochnachmittag die Freude am Laufen und der Bewegung n\u00e4herbringen. Insgesamt 17 Kinder der Klassen 1 bis 6 trainieren derzeit regelm\u00e4\u00dfig und unter der Leitung der ehrenamtlichen Trainer Loreen Leichner, Markus Hinz und Maria Schwarz in der Evangelischen Grundschule L\u00fcbben. Mit dem Evangelischen Schulverein e.V. als Unterst\u00fctzer der Lauf-AG ist es uns m\u00f6glich, nicht nur innerhalb der Arbeitsgemeinschaft mit den Kindern die Finessen des Laufens zu trainieren, sondern auch an diversen Wettk\u00e4mpfen des <strong>Spreewald-Cups<\/strong> teilzunehmen und sogar ein <strong>Sport-Camp<\/strong> f\u00fcr interessierte Sch\u00fcler zu veranstalten. Der n\u00e4chste Wettkampf stand bereits am letzten Sonntag in Luckau an. Der <a href=\"http:\/\/www.luckauer-laeuferbund.de\/events\/luckauer-buschlauf-1\" target=\"_blank\" rel=\"noopener noreferrer\">Luckauer Buschlauf<\/a>, organisiert vom <a href=\"http:\/\/www.luckauer-laeuferbund.de\/\" target=\"_blank\" rel=\"noopener noreferrer\">Luckauer L\u00e4uferbund<\/a>, lockte uns trotz der hohen Temperaturen in die Laufschuhe und bot einen guten \u00dcberblick \u00fcber die bisherigen Trainingserfolge unserer alten Hasen und eine sch\u00f6ne M\u00f6glichkeit, das Potenzial und den Ehrgeiz der neuen Sch\u00fctzlinge kennen zu lernen.<\/p>\n<p>Es war warm, staubig und trocken aber die Kinder und auch gro\u00dfen L\u00e4ufer aus unserem Team bissen sich durch. Unser Orange war \u00fcber die Distanz der 2,5 km stark pr\u00e4sent und zeigte die Energie und Freude, welche unsere Kinder bei jedem Wettkampf mit an den Start nehmen. Wir freuen uns sehr, dass uns so viele Eltern und auch weitere Sch\u00fcler der Schule zu jedem Lauf begleiten und unser Team vergr\u00f6\u00dfern. Anerkennender Applaus und liebe Worte im Zielbereich sind f\u00fcr eine gute Motivation unerl\u00e4sslich. Vielen Dank an die tapferen Eltern, die uns diesen wichtigen Beitrag bei jedem Lauf zukommen lassen! Als n\u00e4chstes wartet der <a href=\"https:\/\/www.tsgluebben.de\/default.aspx?ID=20&amp;DetailID=244\" target=\"_blank\" rel=\"noopener noreferrer\">Spreewaldlauf in L\u00fcbben<\/a> auf uns und mit dem Training der n\u00e4chsten Tage und hoffentlich angenehmeren Temperaturen, werden wir erneut durchstarten und unsere Sch\u00fctzlinge die n\u00e4chste Urkunde f\u00fcr die Kinderzimmerwand erlaufen!<\/p>\n\n\t\t<style type=\"text\/css\">\n\t\t\t#gallery-1 {\n\t\t\t\tmargin: auto;\n\t\t\t}\n\t\t\t#gallery-1 .gallery-item {\n\t\t\t\tfloat: left;\n\t\t\t\tmargin-top: 10px;\n\t\t\t\ttext-align: center;\n\t\t\t\twidth: 33%;\n\t\t\t}\n\t\t\t#gallery-1 img {\n\t\t\t\tborder: 2px solid #cfcfcf;\n\t\t\t}\n\t\t\t#gallery-1 .gallery-caption {\n\t\t\t\tmargin-left: 0;\n\t\t\t}\n\t\t\t\/* see gallery_shortcode() in wp-includes\/media.php *\/\n\t\t<\/style>\n\t\t<div id='gallery-1' class='gallery galleryid-2293 gallery-columns-3 gallery-size-thumbnail'><dl class='gallery-item'>\n\t\t\t<dt class='gallery-icon landscape'>\n\t\t\t\t<a href='https:\/\/schlossinsellauf.de\/wp-content\/uploads\/2019\/09\/auftakt-schuljahr-2019-2020-15.jpg'><img loading=\"lazy\" decoding=\"async\" width=\"150\" height=\"150\" src=\"https:\/\/schlossinsellauf.de\/wp-content\/uploads\/2019\/09\/auftakt-schuljahr-2019-2020-15-150x150.jpg\" class=\"attachment-thumbnail size-thumbnail\" alt=\"\" srcset=\"https:\/\/schlossinsellauf.de\/wp-content\/uploads\/2019\/09\/auftakt-schuljahr-2019-2020-15-150x150.jpg 150w, https:\/\/schlossinsellauf.de\/wp-content\/uploads\/2019\/09\/auftakt-schuljahr-2019-2020-15-90x90.jpg 90w, https:\/\/schlossinsellauf.de\/wp-content\/uploads\/2019\/09\/auftakt-schuljahr-2019-2020-15-75x75.jpg 75w\" sizes=\"auto, (max-width: 150px) 100vw, 150px\" \/><\/a>\n\t\t\t<\/dt><\/dl><dl class='gallery-item'>\n\t\t\t<dt class='gallery-icon landscape'>\n\t\t\t\t<a href='https:\/\/schlossinsellauf.de\/wp-content\/uploads\/2019\/09\/auftakt-schuljahr-2019-2020-11.jpg'><img loading=\"lazy\" decoding=\"async\" width=\"150\" height=\"150\" src=\"https:\/\/schlossinsellauf.de\/wp-content\/uploads\/2019\/09\/auftakt-schuljahr-2019-2020-11-150x150.jpg\" class=\"attachment-thumbnail size-thumbnail\" alt=\"\" srcset=\"https:\/\/schlossinsellauf.de\/wp-content\/uploads\/2019\/09\/auftakt-schuljahr-2019-2020-11-150x150.jpg 150w, https:\/\/schlossinsellauf.de\/wp-content\/uploads\/2019\/09\/auftakt-schuljahr-2019-2020-11-90x90.jpg 90w, https:\/\/schlossinsellauf.de\/wp-content\/uploads\/2019\/09\/auftakt-schuljahr-2019-2020-11-75x75.jpg 75w\" sizes=\"auto, (max-width: 150px) 100vw, 150px\" \/><\/a>\n\t\t\t<\/dt><\/dl><dl class='gallery-item'>\n\t\t\t<dt class='gallery-icon landscape'>\n\t\t\t\t<a href='https:\/\/schlossinsellauf.de\/wp-content\/uploads\/2019\/09\/auftakt-schuljahr-2019-2020-6.jpg'><img loading=\"lazy\" decoding=\"async\" width=\"150\" height=\"150\" src=\"https:\/\/schlossinsellauf.de\/wp-content\/uploads\/2019\/09\/auftakt-schuljahr-2019-2020-6-150x150.jpg\" class=\"attachment-thumbnail size-thumbnail\" alt=\"\" srcset=\"https:\/\/schlossinsellauf.de\/wp-content\/uploads\/2019\/09\/auftakt-schuljahr-2019-2020-6-150x150.jpg 150w, https:\/\/schlossinsellauf.de\/wp-content\/uploads\/2019\/09\/auftakt-schuljahr-2019-2020-6-90x90.jpg 90w, https:\/\/schlossinsellauf.de\/wp-content\/uploads\/2019\/09\/auftakt-schuljahr-2019-2020-6-75x75.jpg 75w\" sizes=\"auto, (max-width: 150px) 100vw, 150px\" \/><\/a>\n\t\t\t<\/dt><\/dl><br style=\"clear: both\" \/><dl class='gallery-item'>\n\t\t\t<dt class='gallery-icon landscape'>\n\t\t\t\t<a href='https:\/\/schlossinsellauf.de\/wp-content\/uploads\/2019\/09\/auftakt-schuljahr-2019-2020-14.jpg'><img loading=\"lazy\" decoding=\"async\" width=\"150\" height=\"150\" src=\"https:\/\/schlossinsellauf.de\/wp-content\/uploads\/2019\/09\/auftakt-schuljahr-2019-2020-14-150x150.jpg\" class=\"attachment-thumbnail size-thumbnail\" alt=\"\" srcset=\"https:\/\/schlossinsellauf.de\/wp-content\/uploads\/2019\/09\/auftakt-schuljahr-2019-2020-14-150x150.jpg 150w, https:\/\/schlossinsellauf.de\/wp-content\/uploads\/2019\/09\/auftakt-schuljahr-2019-2020-14-90x90.jpg 90w, https:\/\/schlossinsellauf.de\/wp-content\/uploads\/2019\/09\/auftakt-schuljahr-2019-2020-14-75x75.jpg 75w\" sizes=\"auto, (max-width: 150px) 100vw, 150px\" \/><\/a>\n\t\t\t<\/dt><\/dl><dl class='gallery-item'>\n\t\t\t<dt class='gallery-icon landscape'>\n\t\t\t\t<a href='https:\/\/schlossinsellauf.de\/wp-content\/uploads\/2019\/09\/auftakt-schuljahr-2019-2020-12.jpg'><img loading=\"lazy\" decoding=\"async\" width=\"150\" height=\"150\" src=\"https:\/\/schlossinsellauf.de\/wp-content\/uploads\/2019\/09\/auftakt-schuljahr-2019-2020-12-150x150.jpg\" class=\"attachment-thumbnail size-thumbnail\" alt=\"\" srcset=\"https:\/\/schlossinsellauf.de\/wp-content\/uploads\/2019\/09\/auftakt-schuljahr-2019-2020-12-150x150.jpg 150w, https:\/\/schlossinsellauf.de\/wp-content\/uploads\/2019\/09\/auftakt-schuljahr-2019-2020-12-90x90.jpg 90w, https:\/\/schlossinsellauf.de\/wp-content\/uploads\/2019\/09\/auftakt-schuljahr-2019-2020-12-75x75.jpg 75w\" sizes=\"auto, (max-width: 150px) 100vw, 150px\" \/><\/a>\n\t\t\t<\/dt><\/dl><dl class='gallery-item'>\n\t\t\t<dt class='gallery-icon landscape'>\n\t\t\t\t<a href='https:\/\/schlossinsellauf.de\/wp-content\/uploads\/2019\/09\/auftakt-schuljahr-2019-2020-5.jpg'><img loading=\"lazy\" decoding=\"async\" width=\"150\" height=\"150\" src=\"https:\/\/schlossinsellauf.de\/wp-content\/uploads\/2019\/09\/auftakt-schuljahr-2019-2020-5-150x150.jpg\" class=\"attachment-thumbnail size-thumbnail\" alt=\"\" srcset=\"https:\/\/schlossinsellauf.de\/wp-content\/uploads\/2019\/09\/auftakt-schuljahr-2019-2020-5-150x150.jpg 150w, https:\/\/schlossinsellauf.de\/wp-content\/uploads\/2019\/09\/auftakt-schuljahr-2019-2020-5-90x90.jpg 90w, https:\/\/schlossinsellauf.de\/wp-content\/uploads\/2019\/09\/auftakt-schuljahr-2019-2020-5-75x75.jpg 75w\" sizes=\"auto, (max-width: 150px) 100vw, 150px\" \/><\/a>\n\t\t\t<\/dt><\/dl><br style=\"clear: both\" \/><dl class='gallery-item'>\n\t\t\t<dt class='gallery-icon landscape'>\n\t\t\t\t<a href='https:\/\/schlossinsellauf.de\/wp-content\/uploads\/2019\/09\/auftakt-schuljahr-2019-2020-18.jpg'><img loading=\"lazy\" decoding=\"async\" width=\"150\" height=\"150\" src=\"https:\/\/schlossinsellauf.de\/wp-content\/uploads\/2019\/09\/auftakt-schuljahr-2019-2020-18-150x150.jpg\" class=\"attachment-thumbnail size-thumbnail\" alt=\"\" srcset=\"https:\/\/schlossinsellauf.de\/wp-content\/uploads\/2019\/09\/auftakt-schuljahr-2019-2020-18-150x150.jpg 150w, https:\/\/schlossinsellauf.de\/wp-content\/uploads\/2019\/09\/auftakt-schuljahr-2019-2020-18-90x90.jpg 90w, https:\/\/schlossinsellauf.de\/wp-content\/uploads\/2019\/09\/auftakt-schuljahr-2019-2020-18-75x75.jpg 75w\" sizes=\"auto, (max-width: 150px) 100vw, 150px\" \/><\/a>\n\t\t\t<\/dt><\/dl><dl class='gallery-item'>\n\t\t\t<dt class='gallery-icon landscape'>\n\t\t\t\t<a href='https:\/\/schlossinsellauf.de\/wp-content\/uploads\/2019\/09\/auftakt-schuljahr-2019-2020-9.jpg'><img loading=\"lazy\" decoding=\"async\" width=\"150\" height=\"150\" src=\"https:\/\/schlossinsellauf.de\/wp-content\/uploads\/2019\/09\/auftakt-schuljahr-2019-2020-9-150x150.jpg\" class=\"attachment-thumbnail size-thumbnail\" alt=\"\" srcset=\"https:\/\/schlossinsellauf.de\/wp-content\/uploads\/2019\/09\/auftakt-schuljahr-2019-2020-9-150x150.jpg 150w, https:\/\/schlossinsellauf.de\/wp-content\/uploads\/2019\/09\/auftakt-schuljahr-2019-2020-9-90x90.jpg 90w, https:\/\/schlossinsellauf.de\/wp-content\/uploads\/2019\/09\/auftakt-schuljahr-2019-2020-9-75x75.jpg 75w\" sizes=\"auto, (max-width: 150px) 100vw, 150px\" \/><\/a>\n\t\t\t<\/dt><\/dl><dl class='gallery-item'>\n\t\t\t<dt class='gallery-icon landscape'>\n\t\t\t\t<a href='https:\/\/schlossinsellauf.de\/wp-content\/uploads\/2019\/09\/auftakt-schuljahr-2019-2020-1.jpg'><img loading=\"lazy\" decoding=\"async\" width=\"150\" height=\"150\" src=\"https:\/\/schlossinsellauf.de\/wp-content\/uploads\/2019\/09\/auftakt-schuljahr-2019-2020-1-150x150.jpg\" class=\"attachment-thumbnail size-thumbnail\" alt=\"\" srcset=\"https:\/\/schlossinsellauf.de\/wp-content\/uploads\/2019\/09\/auftakt-schuljahr-2019-2020-1-150x150.jpg 150w, https:\/\/schlossinsellauf.de\/wp-content\/uploads\/2019\/09\/auftakt-schuljahr-2019-2020-1-90x90.jpg 90w, https:\/\/schlossinsellauf.de\/wp-content\/uploads\/2019\/09\/auftakt-schuljahr-2019-2020-1-75x75.jpg 75w\" sizes=\"auto, (max-width: 150px) 100vw, 150px\" \/><\/a>\n\t\t\t<\/dt><\/dl><br style=\"clear: both\" \/><dl class='gallery-item'>\n\t\t\t<dt class='gallery-icon landscape'>\n\t\t\t\t<a href='https:\/\/schlossinsellauf.de\/wp-content\/uploads\/2019\/09\/auftakt-schuljahr-2019-2020-10.jpg'><img loading=\"lazy\" decoding=\"async\" width=\"150\" height=\"150\" src=\"https:\/\/schlossinsellauf.de\/wp-content\/uploads\/2019\/09\/auftakt-schuljahr-2019-2020-10-150x150.jpg\" class=\"attachment-thumbnail size-thumbnail\" alt=\"\" srcset=\"https:\/\/schlossinsellauf.de\/wp-content\/uploads\/2019\/09\/auftakt-schuljahr-2019-2020-10-150x150.jpg 150w, https:\/\/schlossinsellauf.de\/wp-content\/uploads\/2019\/09\/auftakt-schuljahr-2019-2020-10-90x90.jpg 90w, https:\/\/schlossinsellauf.de\/wp-content\/uploads\/2019\/09\/auftakt-schuljahr-2019-2020-10-75x75.jpg 75w\" sizes=\"auto, (max-width: 150px) 100vw, 150px\" \/><\/a>\n\t\t\t<\/dt><\/dl><dl class='gallery-item'>\n\t\t\t<dt class='gallery-icon landscape'>\n\t\t\t\t<a href='https:\/\/schlossinsellauf.de\/wp-content\/uploads\/2019\/09\/auftakt-schuljahr-2019-2020-8.jpg'><img loading=\"lazy\" decoding=\"async\" width=\"150\" height=\"150\" src=\"https:\/\/schlossinsellauf.de\/wp-content\/uploads\/2019\/09\/auftakt-schuljahr-2019-2020-8-150x150.jpg\" class=\"attachment-thumbnail size-thumbnail\" alt=\"\" srcset=\"https:\/\/schlossinsellauf.de\/wp-content\/uploads\/2019\/09\/auftakt-schuljahr-2019-2020-8-150x150.jpg 150w, https:\/\/schlossinsellauf.de\/wp-content\/uploads\/2019\/09\/auftakt-schuljahr-2019-2020-8-90x90.jpg 90w, https:\/\/schlossinsellauf.de\/wp-content\/uploads\/2019\/09\/auftakt-schuljahr-2019-2020-8-75x75.jpg 75w\" sizes=\"auto, (max-width: 150px) 100vw, 150px\" \/><\/a>\n\t\t\t<\/dt><\/dl><dl class='gallery-item'>\n\t\t\t<dt class='gallery-icon landscape'>\n\t\t\t\t<a href='https:\/\/schlossinsellauf.de\/wp-content\/uploads\/2019\/09\/auftakt-schuljahr-2019-2020-3.jpg'><img loading=\"lazy\" decoding=\"async\" width=\"150\" height=\"150\" src=\"https:\/\/schlossinsellauf.de\/wp-content\/uploads\/2019\/09\/auftakt-schuljahr-2019-2020-3-150x150.jpg\" class=\"attachment-thumbnail size-thumbnail\" alt=\"\" srcset=\"https:\/\/schlossinsellauf.de\/wp-content\/uploads\/2019\/09\/auftakt-schuljahr-2019-2020-3-150x150.jpg 150w, https:\/\/schlossinsellauf.de\/wp-content\/uploads\/2019\/09\/auftakt-schuljahr-2019-2020-3-90x90.jpg 90w, https:\/\/schlossinsellauf.de\/wp-content\/uploads\/2019\/09\/auftakt-schuljahr-2019-2020-3-75x75.jpg 75w\" sizes=\"auto, (max-width: 150px) 100vw, 150px\" \/><\/a>\n\t\t\t<\/dt><\/dl><br style=\"clear: both\" \/><dl class='gallery-item'>\n\t\t\t<dt class='gallery-icon landscape'>\n\t\t\t\t<a href='https:\/\/schlossinsellauf.de\/wp-content\/uploads\/2019\/09\/auftakt-schuljahr-2019-2020-13.jpg'><img loading=\"lazy\" decoding=\"async\" width=\"150\" height=\"150\" src=\"https:\/\/schlossinsellauf.de\/wp-content\/uploads\/2019\/09\/auftakt-schuljahr-2019-2020-13-150x150.jpg\" class=\"attachment-thumbnail size-thumbnail\" alt=\"\" srcset=\"https:\/\/schlossinsellauf.de\/wp-content\/uploads\/2019\/09\/auftakt-schuljahr-2019-2020-13-150x150.jpg 150w, https:\/\/schlossinsellauf.de\/wp-content\/uploads\/2019\/09\/auftakt-schuljahr-2019-2020-13-90x90.jpg 90w, https:\/\/schlossinsellauf.de\/wp-content\/uploads\/2019\/09\/auftakt-schuljahr-2019-2020-13-75x75.jpg 75w\" sizes=\"auto, (max-width: 150px) 100vw, 150px\" \/><\/a>\n\t\t\t<\/dt><\/dl><dl class='gallery-item'>\n\t\t\t<dt class='gallery-icon landscape'>\n\t\t\t\t<a href='https:\/\/schlossinsellauf.de\/wp-content\/uploads\/2019\/09\/auftakt-schuljahr-2019-2020-17.jpg'><img loading=\"lazy\" decoding=\"async\" width=\"150\" height=\"150\" src=\"https:\/\/schlossinsellauf.de\/wp-content\/uploads\/2019\/09\/auftakt-schuljahr-2019-2020-17-150x150.jpg\" class=\"attachment-thumbnail size-thumbnail\" alt=\"\" srcset=\"https:\/\/schlossinsellauf.de\/wp-content\/uploads\/2019\/09\/auftakt-schuljahr-2019-2020-17-150x150.jpg 150w, https:\/\/schlossinsellauf.de\/wp-content\/uploads\/2019\/09\/auftakt-schuljahr-2019-2020-17-90x90.jpg 90w, https:\/\/schlossinsellauf.de\/wp-content\/uploads\/2019\/09\/auftakt-schuljahr-2019-2020-17-75x75.jpg 75w\" sizes=\"auto, (max-width: 150px) 100vw, 150px\" \/><\/a>\n\t\t\t<\/dt><\/dl><dl class='gallery-item'>\n\t\t\t<dt class='gallery-icon landscape'>\n\t\t\t\t<a href='https:\/\/schlossinsellauf.de\/wp-content\/uploads\/2019\/09\/auftakt-schuljahr-2019-2020-16.jpg'><img loading=\"lazy\" decoding=\"async\" width=\"150\" height=\"150\" src=\"https:\/\/schlossinsellauf.de\/wp-content\/uploads\/2019\/09\/auftakt-schuljahr-2019-2020-16-150x150.jpg\" class=\"attachment-thumbnail size-thumbnail\" alt=\"\" srcset=\"https:\/\/schlossinsellauf.de\/wp-content\/uploads\/2019\/09\/auftakt-schuljahr-2019-2020-16-150x150.jpg 150w, https:\/\/schlossinsellauf.de\/wp-content\/uploads\/2019\/09\/auftakt-schuljahr-2019-2020-16-90x90.jpg 90w, https:\/\/schlossinsellauf.de\/wp-content\/uploads\/2019\/09\/auftakt-schuljahr-2019-2020-16-75x75.jpg 75w\" sizes=\"auto, (max-width: 150px) 100vw, 150px\" \/><\/a>\n\t\t\t<\/dt><\/dl><br style=\"clear: both\" \/><dl class='gallery-item'>\n\t\t\t<dt class='gallery-icon landscape'>\n\t\t\t\t<a href='https:\/\/schlossinsellauf.de\/wp-content\/uploads\/2019\/09\/auftakt-schuljahr-2019-2020-2.jpg'><img loading=\"lazy\" decoding=\"async\" width=\"150\" height=\"150\" src=\"https:\/\/schlossinsellauf.de\/wp-content\/uploads\/2019\/09\/auftakt-schuljahr-2019-2020-2-150x150.jpg\" class=\"attachment-thumbnail size-thumbnail\" alt=\"\" srcset=\"https:\/\/schlossinsellauf.de\/wp-content\/uploads\/2019\/09\/auftakt-schuljahr-2019-2020-2-150x150.jpg 150w, https:\/\/schlossinsellauf.de\/wp-content\/uploads\/2019\/09\/auftakt-schuljahr-2019-2020-2-90x90.jpg 90w, https:\/\/schlossinsellauf.de\/wp-content\/uploads\/2019\/09\/auftakt-schuljahr-2019-2020-2-75x75.jpg 75w\" sizes=\"auto, (max-width: 150px) 100vw, 150px\" \/><\/a>\n\t\t\t<\/dt><\/dl><dl class='gallery-item'>\n\t\t\t<dt class='gallery-icon landscape'>\n\t\t\t\t<a href='https:\/\/schlossinsellauf.de\/wp-content\/uploads\/2019\/09\/auftakt-schuljahr-2019-2020-4.jpg'><img loading=\"lazy\" decoding=\"async\" width=\"150\" height=\"150\" src=\"https:\/\/schlossinsellauf.de\/wp-content\/uploads\/2019\/09\/auftakt-schuljahr-2019-2020-4-150x150.jpg\" class=\"attachment-thumbnail size-thumbnail\" alt=\"\" srcset=\"https:\/\/schlossinsellauf.de\/wp-content\/uploads\/2019\/09\/auftakt-schuljahr-2019-2020-4-150x150.jpg 150w, https:\/\/schlossinsellauf.de\/wp-content\/uploads\/2019\/09\/auftakt-schuljahr-2019-2020-4-90x90.jpg 90w, https:\/\/schlossinsellauf.de\/wp-content\/uploads\/2019\/09\/auftakt-schuljahr-2019-2020-4-75x75.jpg 75w\" sizes=\"auto, (max-width: 150px) 100vw, 150px\" \/><\/a>\n\t\t\t<\/dt><\/dl><dl class='gallery-item'>\n\t\t\t<dt class='gallery-icon landscape'>\n\t\t\t\t<a href='https:\/\/schlossinsellauf.de\/wp-content\/uploads\/2019\/09\/auftakt-schuljahr-2019-2020-7.jpg'><img loading=\"lazy\" decoding=\"async\" width=\"150\" height=\"150\" src=\"https:\/\/schlossinsellauf.de\/wp-content\/uploads\/2019\/09\/auftakt-schuljahr-2019-2020-7-150x150.jpg\" class=\"attachment-thumbnail size-thumbnail\" alt=\"\" srcset=\"https:\/\/schlossinsellauf.de\/wp-content\/uploads\/2019\/09\/auftakt-schuljahr-2019-2020-7-150x150.jpg 150w, https:\/\/schlossinsellauf.de\/wp-content\/uploads\/2019\/09\/auftakt-schuljahr-2019-2020-7-90x90.jpg 90w, https:\/\/schlossinsellauf.de\/wp-content\/uploads\/2019\/09\/auftakt-schuljahr-2019-2020-7-75x75.jpg 75w\" sizes=\"auto, (max-width: 150px) 100vw, 150px\" \/><\/a>\n\t\t\t<\/dt><\/dl><br style=\"clear: both\" \/>\n\t\t<\/div>\n\n","protected":false},"excerpt":{"rendered":"<p>Mit dem Start in das neue Schuljahr nahm nat\u00fcrlich auch die Lauf-AG der Evangelischen Grundschule L\u00fcbben wieder ihre Arbeit auf. Zu unserer gro\u00dfen Freude konnten wir in diesem Jahr nicht nur alte Hasen wieder unter unseren Reihen begr\u00fc\u00dfen, sondern d\u00fcrfen auch neu gewonnenen Sch\u00fclern jeden Mittwochnachmittag die Freude am Laufen und der Bewegung n\u00e4herbringen. Insgesamt 17 Kinder der Klassen 1<\/p>\n","protected":false},"author":2,"featured_media":2295,"comment_status":"open","ping_status":"open","sticky":false,"template":"","format":"standard","meta":{"ngg_post_thumbnail":0,"footnotes":"","_links_to":"","_links_to_target":""},"categories":[3],"tags":[],"class_list":["post-2293","post","type-post","status-publish","format-standard","has-post-thumbnail","hentry","category-laufgemeinschaft"],"_links":{"self":[{"href":"https:\/\/schlossinsellauf.de\/index.php\/wp-json\/wp\/v2\/posts\/2293","targetHints":{"allow":["GET"]}}],"collection":[{"href":"https:\/\/schlossinsellauf.de\/index.php\/wp-json\/wp\/v2\/posts"}],"about":[{"href":"https:\/\/schlossinsellauf.de\/index.php\/wp-json\/wp\/v2\/types\/post"}],"author":[{"embeddable":true,"href":"https:\/\/schlossinsellauf.de\/index.php\/wp-json\/wp\/v2\/users\/2"}],"replies":[{"embeddable":true,"href":"https:\/\/schlossinsellauf.de\/index.php\/wp-json\/wp\/v2\/comments?post=2293"}],"version-history":[{"count":2,"href":"https:\/\/schlossinsellauf.de\/index.php\/wp-json\/wp\/v2\/posts\/2293\/revisions"}],"predecessor-version":[{"id":2314,"href":"https:\/\/schlossinsellauf.de\/index.php\/wp-json\/wp\/v2\/posts\/2293\/revisions\/2314"}],"wp:featuredmedia":[{"embeddable":true,"href":"https:\/\/schlossinsellauf.de\/index.php\/wp-json\/wp\/v2\/media\/2295"}],"wp:attachment":[{"href":"https:\/\/schlossinsellauf.de\/index.php\/wp-json\/wp\/v2\/media?parent=2293"}],"wp:term":[{"taxonomy":"category","embeddable":true,"href":"https:\/\/schlossinsellauf.de\/index.php\/wp-json\/wp\/v2\/categories?post=2293"},{"taxonomy":"post_tag","embeddable":true,"href":"https:\/\/schlossinsellauf.de\/index.php\/wp-json\/wp\/v2\/tags?post=2293"}],"curies":[{"name":"wp","href":"https:\/\/api.w.org\/{rel}","templated":true}]}}