{"id":259,"date":"2017-09-23T08:59:57","date_gmt":"2017-09-23T06:59:57","guid":{"rendered":"https:\/\/schlossinsellauf.de\/?p=259"},"modified":"2017-10-30T20:45:17","modified_gmt":"2017-10-30T19:45:17","slug":"trainingsbeginn-nach-der-sommerpause","status":"publish","type":"post","link":"https:\/\/schlossinsellauf.de\/index.php\/2017\/09\/23\/trainingsbeginn-nach-der-sommerpause\/","title":{"rendered":"Trainingsbeginn nach der Sommerpause"},"content":{"rendered":"<p>Mit dem Ende des Schuljahres im Juli wurden wir gewisserma\u00dfen zu einer Laufpause gezwungen. Bewegt wurde sich aber trotzdem&#8230;<!--more--><\/p>\n<p>Am letzten Feriensonntag, den 3. September 2017 stand der 7. Lauf des Spreewaldcups an. In <a href=\"https:\/\/www.runme.de\/deutschland\/luckauer-buschlauf\/\" target=\"_blank\" rel=\"noopener\">Luckau beim Buschlauf<\/a> gingen immerhin 6 Kinder an den Start und auf Punktejagd. Corven Karla konnte sich mit seinem 4. Lauf im Cup festlaufen und holte nebenbei noch den 3. Platz auf der 5 km Strecke. <strong>Tolle Leistung!<\/strong> Zwei <em>&#8222;Alte Hasen&#8220;<\/em> der ehemaligen Klasse 6 kamen auch und trugen ihre Abschiedsgeschenke erstmals zum Wettkampf. Sie geh\u00f6ren nun zu den Gro\u00dfen und d\u00fcrfen das schwarze Shirt tragen &#8211; sichtbar stolz wurde es eingeweiht.<\/p>\n<p>Beim ersten Training im neuen Schuljahr wurden wir Betreuer von einer teilweise neuen zahlenm\u00e4\u00dfig noch st\u00e4rkeren Gruppe empfangen. 25 Kinder wollen sich nun f\u00fcr ein Jahr auf das Abenteuer Lauf AG einlassen &#8211; viel Spa\u00df!<\/p>\n<p>Die Laufgruppe der Erwachsenen trifft sich nun auch wieder regelm\u00e4\u00dfig Mittwoch abends.<\/p>\n","protected":false},"excerpt":{"rendered":"<p>Mit dem Ende des Schuljahres im Juli wurden wir gewisserma\u00dfen zu einer Laufpause gezwungen. Bewegt wurde sich aber trotzdem&#8230;<\/p>\n","protected":false},"author":2,"featured_media":264,"comment_status":"open","ping_status":"open","sticky":false,"template":"","format":"standard","meta":{"ngg_post_thumbnail":0,"footnotes":"","_links_to":"","_links_to_target":""},"categories":[3],"tags":[],"class_list":["post-259","post","type-post","status-publish","format-standard","has-post-thumbnail","hentry","category-laufgemeinschaft"],"_links":{"self":[{"href":"https:\/\/schlossinsellauf.de\/index.php\/wp-json\/wp\/v2\/posts\/259","targetHints":{"allow":["GET"]}}],"collection":[{"href":"https:\/\/schlossinsellauf.de\/index.php\/wp-json\/wp\/v2\/posts"}],"about":[{"href":"https:\/\/schlossinsellauf.de\/index.php\/wp-json\/wp\/v2\/types\/post"}],"author":[{"embeddable":true,"href":"https:\/\/schlossinsellauf.de\/index.php\/wp-json\/wp\/v2\/users\/2"}],"replies":[{"embeddable":true,"href":"https:\/\/schlossinsellauf.de\/index.php\/wp-json\/wp\/v2\/comments?post=259"}],"version-history":[{"count":0,"href":"https:\/\/schlossinsellauf.de\/index.php\/wp-json\/wp\/v2\/posts\/259\/revisions"}],"wp:featuredmedia":[{"embeddable":true,"href":"https:\/\/schlossinsellauf.de\/index.php\/wp-json\/wp\/v2\/media\/264"}],"wp:attachment":[{"href":"https:\/\/schlossinsellauf.de\/index.php\/wp-json\/wp\/v2\/media?parent=259"}],"wp:term":[{"taxonomy":"category","embeddable":true,"href":"https:\/\/schlossinsellauf.de\/index.php\/wp-json\/wp\/v2\/categories?post=259"},{"taxonomy":"post_tag","embeddable":true,"href":"https:\/\/schlossinsellauf.de\/index.php\/wp-json\/wp\/v2\/tags?post=259"}],"curies":[{"name":"wp","href":"https:\/\/api.w.org\/{rel}","templated":true}]}}