{"id":2598,"date":"2020-05-23T19:10:55","date_gmt":"2020-05-23T17:10:55","guid":{"rendered":"https:\/\/schlossinsellauf.de\/?p=2598"},"modified":"2020-06-28T08:38:53","modified_gmt":"2020-06-28T06:38:53","slug":"achterbahnfahrt-der-gefuehle","status":"publish","type":"post","link":"https:\/\/schlossinsellauf.de\/index.php\/2020\/05\/23\/achterbahnfahrt-der-gefuehle\/","title":{"rendered":"Achterbahnfahrt der Gef\u00fchle"},"content":{"rendered":"<p>Liebe Lauffreundinnen und Lauffreunde,<\/p>\n<p>es liegen Wochen mit einer mal mehr und mal weniger rasanten <strong>Achterbahnfahrt<\/strong> der Gef\u00fchle hinter uns. Die Regelungen der SARS-CoV-2-Eind\u00e4mmungsverordnung f\u00fcr Brandenburg vom 08.05.2020 sowie auch deren aktualisierter Neufassung gehen immer noch nicht so weit, dass diese in absehbarer Zeit einen Laufwettbewerb zulassen.<\/p>\n<p>Der DLV und der Landesverband Leichtathletik Brandenburg positionieren sich aktuell ebenfalls sehr restriktiv und haben den Fokus auf die F\u00f6rderung des Spitzensports gelegt.<\/p>\n<p>Durch uns in Erw\u00e4gung gezogene Alternativkonzepte inklusive detaillierter Hygieneregularien konnten in einem in der 21. KW beim Landkreis Dahme-Spreewald gestellten Antrag derzeit keine konkrete Zustimmung erfahren. Wir wurden um Geduld gebeten, die wir gerne weiter aufbringen wollen w\u00fcrden, jedoch ben\u00f6tigen wir eine ca. vierw\u00f6chige Vorbereitungszeit, um den Schlossinsellauf bzw. selbst um eine wie von uns erwogene Alternativlaufveranstaltung durchzuf\u00fchren.<\/p>\n<p>Daher m\u00fcssen nun auch leider wir, wie bereits viele Veranstalter vor uns, unsere <strong>Laufveranstaltung absagen<\/strong>.<\/p>\n<p>Wir danken allen Sponsoren und Partnern, die ebenso wie wir geduldig die Entwicklungen verfolgt und in den Bl\u00f6cken verweilend auf das Startsignal gewartet haben. Ebenso bedanken wir uns bei allen L\u00e4uferinnen und L\u00e4ufern, Freunden, Familie und anderen das Projekt unterst\u00fctzenden Helferinnen und Helfern, die uns in der schwierigen Phase zwischen Hoffen und Bangen immer wieder Mut und Durchhalteverm\u00f6gen zusprachen.<\/p>\n<p>Auch wenn in diesem Jahr kein Startschuss f\u00fcr den Schlossinsellauf fallen wird, betrachten wir die Absage unserer Laufveranstaltung im wahrsten Sinne des Wortes \u201esportlich\u201c und stecken nun alle Energie in die Planung und Vorbereitung des Schlossinsellaufes am 20.06.2021.<\/p>\n<p>Unterst\u00fctzt bitte auch ihr unser Engagement, indem ihr <strong>flei\u00dfig weiter trainiert<\/strong> und uns treu bleibt.<\/p>\n<p>Euer Team Schlossinsellauf L\u00fcbben<br \/>\nEin Projekt vom Evangelischen Schulverein L\u00fcbben e. V.<\/p>\n","protected":false},"excerpt":{"rendered":"<p>Liebe Lauffreundinnen und Lauffreunde, es liegen Wochen mit einer mal mehr und mal weniger rasanten Achterbahnfahrt der Gef\u00fchle hinter uns. Die Regelungen der SARS-CoV-2-Eind\u00e4mmungsverordnung f\u00fcr Brandenburg vom 08.05.2020 sowie auch deren aktualisierter Neufassung gehen immer noch nicht so weit, dass diese in absehbarer Zeit einen Laufwettbewerb zulassen. Der DLV und der Landesverband Leichtathletik Brandenburg positionieren sich aktuell ebenfalls sehr restriktiv<\/p>\n","protected":false},"author":2,"featured_media":2602,"comment_status":"open","ping_status":"open","sticky":false,"template":"","format":"standard","meta":{"ngg_post_thumbnail":0,"footnotes":"","_links_to":"","_links_to_target":""},"categories":[4],"tags":[18,16,17],"class_list":["post-2598","post","type-post","status-publish","format-standard","has-post-thumbnail","hentry","category-schlossinsel-lauf","tag-abgesagt","tag-anmeldung","tag-sars"],"_links":{"self":[{"href":"https:\/\/schlossinsellauf.de\/index.php\/wp-json\/wp\/v2\/posts\/2598","targetHints":{"allow":["GET"]}}],"collection":[{"href":"https:\/\/schlossinsellauf.de\/index.php\/wp-json\/wp\/v2\/posts"}],"about":[{"href":"https:\/\/schlossinsellauf.de\/index.php\/wp-json\/wp\/v2\/types\/post"}],"author":[{"embeddable":true,"href":"https:\/\/schlossinsellauf.de\/index.php\/wp-json\/wp\/v2\/users\/2"}],"replies":[{"embeddable":true,"href":"https:\/\/schlossinsellauf.de\/index.php\/wp-json\/wp\/v2\/comments?post=2598"}],"version-history":[{"count":4,"href":"https:\/\/schlossinsellauf.de\/index.php\/wp-json\/wp\/v2\/posts\/2598\/revisions"}],"predecessor-version":[{"id":2605,"href":"https:\/\/schlossinsellauf.de\/index.php\/wp-json\/wp\/v2\/posts\/2598\/revisions\/2605"}],"wp:featuredmedia":[{"embeddable":true,"href":"https:\/\/schlossinsellauf.de\/index.php\/wp-json\/wp\/v2\/media\/2602"}],"wp:attachment":[{"href":"https:\/\/schlossinsellauf.de\/index.php\/wp-json\/wp\/v2\/media?parent=2598"}],"wp:term":[{"taxonomy":"category","embeddable":true,"href":"https:\/\/schlossinsellauf.de\/index.php\/wp-json\/wp\/v2\/categories?post=2598"},{"taxonomy":"post_tag","embeddable":true,"href":"https:\/\/schlossinsellauf.de\/index.php\/wp-json\/wp\/v2\/tags?post=2598"}],"curies":[{"name":"wp","href":"https:\/\/api.w.org\/{rel}","templated":true}]}}