{"id":2646,"date":"2020-06-23T20:22:54","date_gmt":"2020-06-23T18:22:54","guid":{"rendered":"https:\/\/schlossinsellauf.de\/?p=2646"},"modified":"2021-06-13T16:28:36","modified_gmt":"2021-06-13T14:28:36","slug":"immer-weiter-hoch-hinaus","status":"publish","type":"post","link":"https:\/\/schlossinsellauf.de\/index.php\/2020\/06\/23\/immer-weiter-hoch-hinaus\/","title":{"rendered":"Immer weiter hoch hinaus"},"content":{"rendered":"<p>Nach der Corona bedingten Absage des 3. Schlossinsellaufes waren das Organisations- sowie das Helferteam, aber auch L\u00e4uferinnen und L\u00e4ufer der Region bzw. der Vorjahre sehr traurig. Nach einem kurzen Moment des Besinnens war f\u00fcr das Team Schlossinsellauf sehr schnell klar, dass dies nicht der Schlusspunkt nach einer so nervenaufreibenden Zeit sein kann. Nach Abstimmung im Team fiel die Entscheidung einen Lauftreff zu veranstalten, der gleichzeitig auch nochmal die gro\u00dfe Bedeutung des Projektes f\u00fcr alle am Projekt beteiligten Organisatoren, Sponsoren und Helfer, vor allem aber den Veranstalter selbst, den Evangelischen Schulverein L\u00fcbben e.V., unterstreichen sollte.<\/p>\n<p>Es fanden sich Partner, Sponsoren und Freunde des Schlossinsellaufes als auch Mitglieder des Schulvereins und ehemalige Teilnehmerinnen und Teilnehmer, die sich auf den Weg machten, die 10 km- oder die Halbmarathon-Distanz zu absolvieren.<\/p>\n\n\t\t<style type=\"text\/css\">\n\t\t\t#gallery-1 {\n\t\t\t\tmargin: auto;\n\t\t\t}\n\t\t\t#gallery-1 .gallery-item {\n\t\t\t\tfloat: left;\n\t\t\t\tmargin-top: 10px;\n\t\t\t\ttext-align: center;\n\t\t\t\twidth: 33%;\n\t\t\t}\n\t\t\t#gallery-1 img {\n\t\t\t\tborder: 2px solid #cfcfcf;\n\t\t\t}\n\t\t\t#gallery-1 .gallery-caption {\n\t\t\t\tmargin-left: 0;\n\t\t\t}\n\t\t\t\/* see gallery_shortcode() in wp-includes\/media.php *\/\n\t\t<\/style>\n\t\t<div id='gallery-1' class='gallery galleryid-2646 gallery-columns-3 gallery-size-thumbnail'><dl class='gallery-item'>\n\t\t\t<dt class='gallery-icon landscape'>\n\t\t\t\t<a href='https:\/\/schlossinsellauf.de\/wp-content\/uploads\/2020\/06\/2020-lauf-6.jpg'><img loading=\"lazy\" decoding=\"async\" width=\"150\" height=\"150\" src=\"https:\/\/schlossinsellauf.de\/wp-content\/uploads\/2020\/06\/2020-lauf-6-150x150.jpg\" class=\"attachment-thumbnail size-thumbnail\" alt=\"Trainingslauf, \u00dcbungslauf 2020 auf der Schlossinsel in L\u00fcbben\" srcset=\"https:\/\/schlossinsellauf.de\/wp-content\/uploads\/2020\/06\/2020-lauf-6-150x150.jpg 150w, https:\/\/schlossinsellauf.de\/wp-content\/uploads\/2020\/06\/2020-lauf-6-90x90.jpg 90w, https:\/\/schlossinsellauf.de\/wp-content\/uploads\/2020\/06\/2020-lauf-6-75x75.jpg 75w\" sizes=\"auto, (max-width: 150px) 100vw, 150px\" \/><\/a>\n\t\t\t<\/dt><\/dl><dl class='gallery-item'>\n\t\t\t<dt class='gallery-icon portrait'>\n\t\t\t\t<a href='https:\/\/schlossinsellauf.de\/wp-content\/uploads\/2020\/06\/2020-lauf-2.jpg'><img loading=\"lazy\" decoding=\"async\" width=\"150\" height=\"150\" src=\"https:\/\/schlossinsellauf.de\/wp-content\/uploads\/2020\/06\/2020-lauf-2-150x150.jpg\" class=\"attachment-thumbnail size-thumbnail\" alt=\"Trainingslauf, \u00dcbungslauf 2020 auf der Schlossinsel in L\u00fcbben mit dem B\u00fcrgermeister Lars Kolan von L\u00fcbben\" srcset=\"https:\/\/schlossinsellauf.de\/wp-content\/uploads\/2020\/06\/2020-lauf-2-150x150.jpg 150w, https:\/\/schlossinsellauf.de\/wp-content\/uploads\/2020\/06\/2020-lauf-2-90x90.jpg 90w, https:\/\/schlossinsellauf.de\/wp-content\/uploads\/2020\/06\/2020-lauf-2-75x75.jpg 75w\" sizes=\"auto, (max-width: 150px) 100vw, 150px\" \/><\/a>\n\t\t\t<\/dt><\/dl><dl class='gallery-item'>\n\t\t\t<dt class='gallery-icon portrait'>\n\t\t\t\t<a href='https:\/\/schlossinsellauf.de\/wp-content\/uploads\/2020\/06\/2020-lauf-5.jpg'><img loading=\"lazy\" decoding=\"async\" width=\"150\" height=\"150\" src=\"https:\/\/schlossinsellauf.de\/wp-content\/uploads\/2020\/06\/2020-lauf-5-150x150.jpg\" class=\"attachment-thumbnail size-thumbnail\" alt=\"Trainingslauf, \u00dcbungslauf 2020 auf der Schlossinsel in L\u00fcbben\" srcset=\"https:\/\/schlossinsellauf.de\/wp-content\/uploads\/2020\/06\/2020-lauf-5-150x150.jpg 150w, https:\/\/schlossinsellauf.de\/wp-content\/uploads\/2020\/06\/2020-lauf-5-90x90.jpg 90w, https:\/\/schlossinsellauf.de\/wp-content\/uploads\/2020\/06\/2020-lauf-5-75x75.jpg 75w\" sizes=\"auto, (max-width: 150px) 100vw, 150px\" \/><\/a>\n\t\t\t<\/dt><\/dl><br style=\"clear: both\" \/>\n\t\t<\/div>\n\n<p>Bei bestem Laufwetter mit erfrischenden Temperaturen um 16\u00b0C und einem leichten L\u00fcftchen trafen sich alle Freunde des Laufsports und Unterst\u00fctzer des Projektes auf der Schlossinsel. Hier wurde, nat\u00fcrlich vom Ordnungsamt L\u00fcbben genehmigt, eine gem\u00fctliche Ecke f\u00fcr ein <em>Come Together<\/em> nach dem Lauf eingerichtet.<\/p>\n<p>Kurz vor dem Lauf fanden sich aber erst mal viele Partner, Unterst\u00fctzer und Freunde des Schlossinsellaufes, die uns mit ihrer Anwesenheit ihre gro\u00dfe Verbundenheit mit dem Lauf signalisiert haben. Dies ist uns eine sehr wichtige Geste, die uns mit Stolz und Gl\u00fcck erf\u00fcllt und die uns nat\u00fcrlich hoffen l\u00e4sst, dass dieses wundersch\u00f6ne Projekt in dem Format der Jahre 2018 und 2019 zukunftsf\u00e4hig ist und bleibt und weiterhin viel Zuspruch finden wird.<\/p>\n<p>P\u00fcnktlich um 10.00 Uhr entlie\u00df der <a href=\"https:\/\/www.spreewald-moderator.de\/\" target=\"_blank\" rel=\"noopener noreferrer\">Spreewaldmoderator Martin W\u00fcrfel<\/a> alle Teilnehmerinnen und Teilnehmer des Schlossinsel-Lauftreffs mit dem Startsignal von durch den leichten Wind weit und hoch aufsteigenden orangefarbenen Luftballonen. Begleitet wurden die L\u00e4uferinnen und L\u00e4ufer durch viele Radfahrer, die auf beiden Strecken die Getr\u00e4nkeversorgung sicherstellten.<\/p>\n<p>Nach circa 2 Stunden kam der letzte 21-km-L\u00e4ufer gegen 12.00 Uhr freudestrahlend und umjubelt ins Ziel. Zeitgleich klarte, fast schon als gutes Omen f\u00fcr den Schlossinsellauf 2021 zu werten, der bis dahin mit hellgrauen Wolken verhangene Himmel in sch\u00f6nstem Blau auf und lie\u00df herrlich die Sonne auf uns scheinen. Bei leckerer Versorgung mit zahlreichen Snacks und Getr\u00e4nken, die gem\u00e4\u00df Lebensmittelhygiene- als auch SARS-CoV-2-Eind\u00e4mmungs-VO entsprechend vorbereitet waren, sowie wunderbaren Gespr\u00e4chen \u00fcber das Laufen, das Leben, Gott und die Welt lie\u00dfen wir diesen Vormittag gl\u00fccklich sinnierend ausklingen.<\/p>\n\n\t\t<style type=\"text\/css\">\n\t\t\t#gallery-2 {\n\t\t\t\tmargin: auto;\n\t\t\t}\n\t\t\t#gallery-2 .gallery-item {\n\t\t\t\tfloat: left;\n\t\t\t\tmargin-top: 10px;\n\t\t\t\ttext-align: center;\n\t\t\t\twidth: 50%;\n\t\t\t}\n\t\t\t#gallery-2 img {\n\t\t\t\tborder: 2px solid #cfcfcf;\n\t\t\t}\n\t\t\t#gallery-2 .gallery-caption {\n\t\t\t\tmargin-left: 0;\n\t\t\t}\n\t\t\t\/* see gallery_shortcode() in wp-includes\/media.php *\/\n\t\t<\/style>\n\t\t<div id='gallery-2' class='gallery galleryid-2646 gallery-columns-2 gallery-size-thumbnail'><dl class='gallery-item'>\n\t\t\t<dt class='gallery-icon landscape'>\n\t\t\t\t<a href='https:\/\/schlossinsellauf.de\/wp-content\/uploads\/2020\/06\/2020-lauf-3.jpg'><img loading=\"lazy\" decoding=\"async\" width=\"150\" height=\"150\" src=\"https:\/\/schlossinsellauf.de\/wp-content\/uploads\/2020\/06\/2020-lauf-3-150x150.jpg\" class=\"attachment-thumbnail size-thumbnail\" alt=\"Partner, Helfer und Sponsoren des Schlossinsellaufs\" srcset=\"https:\/\/schlossinsellauf.de\/wp-content\/uploads\/2020\/06\/2020-lauf-3-150x150.jpg 150w, https:\/\/schlossinsellauf.de\/wp-content\/uploads\/2020\/06\/2020-lauf-3-90x90.jpg 90w, https:\/\/schlossinsellauf.de\/wp-content\/uploads\/2020\/06\/2020-lauf-3-75x75.jpg 75w\" sizes=\"auto, (max-width: 150px) 100vw, 150px\" \/><\/a>\n\t\t\t<\/dt><\/dl><dl class='gallery-item'>\n\t\t\t<dt class='gallery-icon portrait'>\n\t\t\t\t<a href='https:\/\/schlossinsellauf.de\/wp-content\/uploads\/2020\/06\/2020-lauf-7.jpg'><img loading=\"lazy\" decoding=\"async\" width=\"150\" height=\"150\" src=\"https:\/\/schlossinsellauf.de\/wp-content\/uploads\/2020\/06\/2020-lauf-7-150x150.jpg\" class=\"attachment-thumbnail size-thumbnail\" alt=\"Spreewaldmoderator\" srcset=\"https:\/\/schlossinsellauf.de\/wp-content\/uploads\/2020\/06\/2020-lauf-7-150x150.jpg 150w, https:\/\/schlossinsellauf.de\/wp-content\/uploads\/2020\/06\/2020-lauf-7-90x90.jpg 90w, https:\/\/schlossinsellauf.de\/wp-content\/uploads\/2020\/06\/2020-lauf-7-75x75.jpg 75w\" sizes=\"auto, (max-width: 150px) 100vw, 150px\" \/><\/a>\n\t\t\t<\/dt><\/dl><br style=\"clear: both\" \/><dl class='gallery-item'>\n\t\t\t<dt class='gallery-icon landscape'>\n\t\t\t\t<a href='https:\/\/schlossinsellauf.de\/wp-content\/uploads\/2020\/06\/2020-lauf-4.jpg'><img loading=\"lazy\" decoding=\"async\" width=\"150\" height=\"150\" src=\"https:\/\/schlossinsellauf.de\/wp-content\/uploads\/2020\/06\/2020-lauf-4-150x150.jpg\" class=\"attachment-thumbnail size-thumbnail\" alt=\"Trainingslauf, \u00dcbungslauf 2020 auf der Schlossinsel in L\u00fcbben\" srcset=\"https:\/\/schlossinsellauf.de\/wp-content\/uploads\/2020\/06\/2020-lauf-4-150x150.jpg 150w, https:\/\/schlossinsellauf.de\/wp-content\/uploads\/2020\/06\/2020-lauf-4-90x90.jpg 90w, https:\/\/schlossinsellauf.de\/wp-content\/uploads\/2020\/06\/2020-lauf-4-75x75.jpg 75w\" sizes=\"auto, (max-width: 150px) 100vw, 150px\" \/><\/a>\n\t\t\t<\/dt><\/dl><dl class='gallery-item'>\n\t\t\t<dt class='gallery-icon portrait'>\n\t\t\t\t<a href='https:\/\/schlossinsellauf.de\/wp-content\/uploads\/2020\/06\/2020_lauf-1.jpg'><img loading=\"lazy\" decoding=\"async\" width=\"150\" height=\"150\" src=\"https:\/\/schlossinsellauf.de\/wp-content\/uploads\/2020\/06\/2020_lauf-1-150x150.jpg\" class=\"attachment-thumbnail size-thumbnail\" alt=\"Trainingslauf, \u00dcbungslauf 2020 auf der Schlossinsel in L\u00fcbben\" srcset=\"https:\/\/schlossinsellauf.de\/wp-content\/uploads\/2020\/06\/2020_lauf-1-150x150.jpg 150w, https:\/\/schlossinsellauf.de\/wp-content\/uploads\/2020\/06\/2020_lauf-1-90x90.jpg 90w, https:\/\/schlossinsellauf.de\/wp-content\/uploads\/2020\/06\/2020_lauf-1-75x75.jpg 75w\" sizes=\"auto, (max-width: 150px) 100vw, 150px\" \/><\/a>\n\t\t\t<\/dt><\/dl><br style=\"clear: both\" \/>\n\t\t<\/div>\n\n<p>Wir danken abschlie\u00dfend nochmal und immer wieder ganz herzlich den Mitgliedern des Evangelischen Schulvereins als auch allen Sponsoren, Unterst\u00fctzern, flei\u00dfigen Helferinnen und Helfern, L\u00e4uferinnen und L\u00e4ufern sowie Freunden und Familie, die dieses wunderbare Projekt auch f\u00fcr sich selbst zu einer Herzensangelegenheit gemacht haben und es mit ganz viel Leidenschaft, Freude, tollen Ideen und nat\u00fcrlich sehr viel Schwei\u00df begleiten. Die um das Projekt erwachsene Gemeinschaft gibt uns als Organisatoren so viel Kraft und Mut, bei den H\u00fcrden ebenso wie bei Kritikern, die diesem Projekt herausfordernd gegen\u00fcberstehen, nicht aufzugeben, sondern im Gegenteil, \u00e4hnlich wie im Lied von Tim Bendzko \u201e<em>immer weiter hoch hinaus<\/em>\u201c zu gehen.<\/p>\n<p><strong>Ihr alle seid gro\u00dfartig!<\/strong><\/p>\n<p><em>Im Namen des gesamten Teams Schlossinsellauf<\/em><\/p>\n<p><em>Loreen und Markus<\/em><\/p>\n","protected":false},"excerpt":{"rendered":"<p>Nach der Corona bedingten Absage des 3. Schlossinsellaufes waren das Organisations- sowie das Helferteam, aber auch L\u00e4uferinnen und L\u00e4ufer der Region bzw. der Vorjahre sehr traurig. Nach einem kurzen Moment des Besinnens war f\u00fcr das Team Schlossinsellauf sehr schnell klar, dass dies nicht der Schlusspunkt nach einer so nervenaufreibenden Zeit sein kann. Nach Abstimmung im Team fiel die Entscheidung einen<\/p>\n","protected":false},"author":2,"featured_media":2645,"comment_status":"open","ping_status":"open","sticky":false,"template":"","format":"standard","meta":{"ngg_post_thumbnail":0,"footnotes":"","_links_to":"","_links_to_target":""},"categories":[4],"tags":[],"class_list":["post-2646","post","type-post","status-publish","format-standard","has-post-thumbnail","hentry","category-schlossinsel-lauf"],"_links":{"self":[{"href":"https:\/\/schlossinsellauf.de\/index.php\/wp-json\/wp\/v2\/posts\/2646","targetHints":{"allow":["GET"]}}],"collection":[{"href":"https:\/\/schlossinsellauf.de\/index.php\/wp-json\/wp\/v2\/posts"}],"about":[{"href":"https:\/\/schlossinsellauf.de\/index.php\/wp-json\/wp\/v2\/types\/post"}],"author":[{"embeddable":true,"href":"https:\/\/schlossinsellauf.de\/index.php\/wp-json\/wp\/v2\/users\/2"}],"replies":[{"embeddable":true,"href":"https:\/\/schlossinsellauf.de\/index.php\/wp-json\/wp\/v2\/comments?post=2646"}],"version-history":[{"count":2,"href":"https:\/\/schlossinsellauf.de\/index.php\/wp-json\/wp\/v2\/posts\/2646\/revisions"}],"predecessor-version":[{"id":2648,"href":"https:\/\/schlossinsellauf.de\/index.php\/wp-json\/wp\/v2\/posts\/2646\/revisions\/2648"}],"wp:featuredmedia":[{"embeddable":true,"href":"https:\/\/schlossinsellauf.de\/index.php\/wp-json\/wp\/v2\/media\/2645"}],"wp:attachment":[{"href":"https:\/\/schlossinsellauf.de\/index.php\/wp-json\/wp\/v2\/media?parent=2646"}],"wp:term":[{"taxonomy":"category","embeddable":true,"href":"https:\/\/schlossinsellauf.de\/index.php\/wp-json\/wp\/v2\/categories?post=2646"},{"taxonomy":"post_tag","embeddable":true,"href":"https:\/\/schlossinsellauf.de\/index.php\/wp-json\/wp\/v2\/tags?post=2646"}],"curies":[{"name":"wp","href":"https:\/\/api.w.org\/{rel}","templated":true}]}}