{"id":3766,"date":"2023-02-26T17:33:03","date_gmt":"2023-02-26T16:33:03","guid":{"rendered":"https:\/\/schlossinsellauf.de\/?p=3766"},"modified":"2023-05-20T09:37:36","modified_gmt":"2023-05-20T07:37:36","slug":"podium-in-orange","status":"publish","type":"post","link":"https:\/\/schlossinsellauf.de\/index.php\/2023\/02\/26\/podium-in-orange\/","title":{"rendered":"Podium in Orange"},"content":{"rendered":"<p>Am heutigen Sonntag reisten wir endlich mal wieder in die Krausnicker Berge zum dortigen Lauf. Dieser regionale Traditionslauf war einige Jahre unser Startschuss in die Saison und soll es nun nach Beendigung der zwangsbedingten Pause gern wieder werden.<\/p>\n<p>Mit insgesamt 27 Athleten und einigem BegleiterInnen sind wir an den Start gegangen und haben bei ziemlich guten Bedingungen unsere Runden gedreht.<\/p>\n\n\t\t<style type=\"text\/css\">\n\t\t\t#gallery-1 {\n\t\t\t\tmargin: auto;\n\t\t\t}\n\t\t\t#gallery-1 .gallery-item {\n\t\t\t\tfloat: left;\n\t\t\t\tmargin-top: 10px;\n\t\t\t\ttext-align: center;\n\t\t\t\twidth: 33%;\n\t\t\t}\n\t\t\t#gallery-1 img {\n\t\t\t\tborder: 2px solid #cfcfcf;\n\t\t\t}\n\t\t\t#gallery-1 .gallery-caption {\n\t\t\t\tmargin-left: 0;\n\t\t\t}\n\t\t\t\/* see gallery_shortcode() in wp-includes\/media.php *\/\n\t\t<\/style>\n\t\t<div id='gallery-1' class='gallery galleryid-3766 gallery-columns-3 gallery-size-thumbnail'><dl class='gallery-item'>\n\t\t\t<dt class='gallery-icon portrait'>\n\t\t\t\t<a href='https:\/\/schlossinsellauf.de\/wp-content\/uploads\/2023\/02\/krausnicker-berge-lauf-2023-9.jpg'><img loading=\"lazy\" decoding=\"async\" width=\"150\" height=\"150\" src=\"https:\/\/schlossinsellauf.de\/wp-content\/uploads\/2023\/02\/krausnicker-berge-lauf-2023-9-150x150.jpg\" class=\"attachment-thumbnail size-thumbnail\" alt=\"\" srcset=\"https:\/\/schlossinsellauf.de\/wp-content\/uploads\/2023\/02\/krausnicker-berge-lauf-2023-9-150x150.jpg 150w, https:\/\/schlossinsellauf.de\/wp-content\/uploads\/2023\/02\/krausnicker-berge-lauf-2023-9-90x90.jpg 90w, https:\/\/schlossinsellauf.de\/wp-content\/uploads\/2023\/02\/krausnicker-berge-lauf-2023-9-75x75.jpg 75w\" sizes=\"auto, (max-width: 150px) 100vw, 150px\" \/><\/a>\n\t\t\t<\/dt><\/dl><dl class='gallery-item'>\n\t\t\t<dt class='gallery-icon portrait'>\n\t\t\t\t<a href='https:\/\/schlossinsellauf.de\/wp-content\/uploads\/2023\/02\/krausnicker-berge-lauf-2023-8.jpg'><img loading=\"lazy\" decoding=\"async\" width=\"150\" height=\"150\" src=\"https:\/\/schlossinsellauf.de\/wp-content\/uploads\/2023\/02\/krausnicker-berge-lauf-2023-8-150x150.jpg\" class=\"attachment-thumbnail size-thumbnail\" alt=\"\" srcset=\"https:\/\/schlossinsellauf.de\/wp-content\/uploads\/2023\/02\/krausnicker-berge-lauf-2023-8-150x150.jpg 150w, https:\/\/schlossinsellauf.de\/wp-content\/uploads\/2023\/02\/krausnicker-berge-lauf-2023-8-90x90.jpg 90w, https:\/\/schlossinsellauf.de\/wp-content\/uploads\/2023\/02\/krausnicker-berge-lauf-2023-8-75x75.jpg 75w\" sizes=\"auto, (max-width: 150px) 100vw, 150px\" \/><\/a>\n\t\t\t<\/dt><\/dl><dl class='gallery-item'>\n\t\t\t<dt class='gallery-icon landscape'>\n\t\t\t\t<a href='https:\/\/schlossinsellauf.de\/wp-content\/uploads\/2023\/02\/krausnicker-berge-lauf-2023-6.jpg'><img loading=\"lazy\" decoding=\"async\" width=\"150\" height=\"150\" src=\"https:\/\/schlossinsellauf.de\/wp-content\/uploads\/2023\/02\/krausnicker-berge-lauf-2023-6-150x150.jpg\" class=\"attachment-thumbnail size-thumbnail\" alt=\"\" srcset=\"https:\/\/schlossinsellauf.de\/wp-content\/uploads\/2023\/02\/krausnicker-berge-lauf-2023-6-150x150.jpg 150w, https:\/\/schlossinsellauf.de\/wp-content\/uploads\/2023\/02\/krausnicker-berge-lauf-2023-6-90x90.jpg 90w, https:\/\/schlossinsellauf.de\/wp-content\/uploads\/2023\/02\/krausnicker-berge-lauf-2023-6-75x75.jpg 75w\" sizes=\"auto, (max-width: 150px) 100vw, 150px\" \/><\/a>\n\t\t\t<\/dt><\/dl><br style=\"clear: both\" \/>\n\t\t<\/div>\n\n<p>Die Strecke ist durchaus profiliert, selbst auf der 2-Kilometerrunde gab es einige H\u00f6henmeter zu bew\u00e4ltigen.<\/p>\n<p>Die Kinder unserer Laufgemeinschaft haben schlie\u00dflich das Podium bei den Siegerehrungen orange gef\u00e4rbt. Das gemeinsame Training der letzten Jahre hat sich demnach f\u00fcr alle bezahlt gemacht.<\/p>\n\n\t\t<style type=\"text\/css\">\n\t\t\t#gallery-2 {\n\t\t\t\tmargin: auto;\n\t\t\t}\n\t\t\t#gallery-2 .gallery-item {\n\t\t\t\tfloat: left;\n\t\t\t\tmargin-top: 10px;\n\t\t\t\ttext-align: center;\n\t\t\t\twidth: 33%;\n\t\t\t}\n\t\t\t#gallery-2 img {\n\t\t\t\tborder: 2px solid #cfcfcf;\n\t\t\t}\n\t\t\t#gallery-2 .gallery-caption {\n\t\t\t\tmargin-left: 0;\n\t\t\t}\n\t\t\t\/* see gallery_shortcode() in wp-includes\/media.php *\/\n\t\t<\/style>\n\t\t<div id='gallery-2' class='gallery galleryid-3766 gallery-columns-3 gallery-size-thumbnail'><dl class='gallery-item'>\n\t\t\t<dt class='gallery-icon portrait'>\n\t\t\t\t<a href='https:\/\/schlossinsellauf.de\/index.php\/2023\/02\/26\/podium-in-orange\/krausnicker-berge-lauf-2023-7\/'><img loading=\"lazy\" decoding=\"async\" width=\"150\" height=\"150\" src=\"https:\/\/schlossinsellauf.de\/wp-content\/uploads\/2023\/02\/krausnicker-berge-lauf-2023-7-150x150.jpg\" class=\"attachment-thumbnail size-thumbnail\" alt=\"\" srcset=\"https:\/\/schlossinsellauf.de\/wp-content\/uploads\/2023\/02\/krausnicker-berge-lauf-2023-7-150x150.jpg 150w, https:\/\/schlossinsellauf.de\/wp-content\/uploads\/2023\/02\/krausnicker-berge-lauf-2023-7-90x90.jpg 90w, https:\/\/schlossinsellauf.de\/wp-content\/uploads\/2023\/02\/krausnicker-berge-lauf-2023-7-75x75.jpg 75w\" sizes=\"auto, (max-width: 150px) 100vw, 150px\" \/><\/a>\n\t\t\t<\/dt><\/dl><dl class='gallery-item'>\n\t\t\t<dt class='gallery-icon landscape'>\n\t\t\t\t<a href='https:\/\/schlossinsellauf.de\/index.php\/2023\/02\/26\/podium-in-orange\/krausnicker-berge-lauf-2023-12\/'><img loading=\"lazy\" decoding=\"async\" width=\"150\" height=\"150\" src=\"https:\/\/schlossinsellauf.de\/wp-content\/uploads\/2023\/02\/krausnicker-berge-lauf-2023-12-150x150.jpg\" class=\"attachment-thumbnail size-thumbnail\" alt=\"\" srcset=\"https:\/\/schlossinsellauf.de\/wp-content\/uploads\/2023\/02\/krausnicker-berge-lauf-2023-12-150x150.jpg 150w, https:\/\/schlossinsellauf.de\/wp-content\/uploads\/2023\/02\/krausnicker-berge-lauf-2023-12-90x90.jpg 90w, https:\/\/schlossinsellauf.de\/wp-content\/uploads\/2023\/02\/krausnicker-berge-lauf-2023-12-75x75.jpg 75w\" sizes=\"auto, (max-width: 150px) 100vw, 150px\" \/><\/a>\n\t\t\t<\/dt><\/dl><dl class='gallery-item'>\n\t\t\t<dt class='gallery-icon portrait'>\n\t\t\t\t<a href='https:\/\/schlossinsellauf.de\/index.php\/2023\/02\/26\/podium-in-orange\/krausnicker-berge-lauf-2023-2\/'><img loading=\"lazy\" decoding=\"async\" width=\"150\" height=\"150\" src=\"https:\/\/schlossinsellauf.de\/wp-content\/uploads\/2023\/02\/krausnicker-berge-lauf-2023-2-150x150.jpg\" class=\"attachment-thumbnail size-thumbnail\" alt=\"\" srcset=\"https:\/\/schlossinsellauf.de\/wp-content\/uploads\/2023\/02\/krausnicker-berge-lauf-2023-2-150x150.jpg 150w, https:\/\/schlossinsellauf.de\/wp-content\/uploads\/2023\/02\/krausnicker-berge-lauf-2023-2-90x90.jpg 90w, https:\/\/schlossinsellauf.de\/wp-content\/uploads\/2023\/02\/krausnicker-berge-lauf-2023-2-75x75.jpg 75w\" sizes=\"auto, (max-width: 150px) 100vw, 150px\" \/><\/a>\n\t\t\t<\/dt><\/dl><br style=\"clear: both\" \/>\n\t\t<\/div>\n\n<p>Emma Selbitz, Paul Kr\u00fcger, Bennet Schulz, Sophia-Aurelia Eghbalian und Hedi Hinz, sowie Lina Miethling (6 km!) und Charlotte Dillan (6 km!) landeten auf gro\u00dfartigen vorderen Platzierungen in ihren Altersklassen. Alle anderen konnten sich individuell ebenfalls stark weiterentwickeln und machten sich selbst als auch das gesamte Betreuerteam stolz.<\/p>\n\n\t\t<style type=\"text\/css\">\n\t\t\t#gallery-3 {\n\t\t\t\tmargin: auto;\n\t\t\t}\n\t\t\t#gallery-3 .gallery-item {\n\t\t\t\tfloat: left;\n\t\t\t\tmargin-top: 10px;\n\t\t\t\ttext-align: center;\n\t\t\t\twidth: 50%;\n\t\t\t}\n\t\t\t#gallery-3 img {\n\t\t\t\tborder: 2px solid #cfcfcf;\n\t\t\t}\n\t\t\t#gallery-3 .gallery-caption {\n\t\t\t\tmargin-left: 0;\n\t\t\t}\n\t\t\t\/* see gallery_shortcode() in wp-includes\/media.php *\/\n\t\t<\/style>\n\t\t<div id='gallery-3' class='gallery galleryid-3766 gallery-columns-2 gallery-size-thumbnail'><dl class='gallery-item'>\n\t\t\t<dt class='gallery-icon landscape'>\n\t\t\t\t<a href='https:\/\/schlossinsellauf.de\/index.php\/2023\/02\/26\/podium-in-orange\/krausnicker-berge-lauf-2023-5\/'><img loading=\"lazy\" decoding=\"async\" width=\"150\" height=\"150\" src=\"https:\/\/schlossinsellauf.de\/wp-content\/uploads\/2023\/02\/krausnicker-berge-lauf-2023-5-150x150.jpg\" class=\"attachment-thumbnail size-thumbnail\" alt=\"\" srcset=\"https:\/\/schlossinsellauf.de\/wp-content\/uploads\/2023\/02\/krausnicker-berge-lauf-2023-5-150x150.jpg 150w, https:\/\/schlossinsellauf.de\/wp-content\/uploads\/2023\/02\/krausnicker-berge-lauf-2023-5-90x90.jpg 90w, https:\/\/schlossinsellauf.de\/wp-content\/uploads\/2023\/02\/krausnicker-berge-lauf-2023-5-75x75.jpg 75w\" sizes=\"auto, (max-width: 150px) 100vw, 150px\" \/><\/a>\n\t\t\t<\/dt><\/dl><dl class='gallery-item'>\n\t\t\t<dt class='gallery-icon portrait'>\n\t\t\t\t<a href='https:\/\/schlossinsellauf.de\/index.php\/2023\/02\/26\/podium-in-orange\/krausnicker-berge-lauf-2023-1\/'><img loading=\"lazy\" decoding=\"async\" width=\"150\" height=\"150\" src=\"https:\/\/schlossinsellauf.de\/wp-content\/uploads\/2023\/02\/krausnicker-berge-lauf-2023-1-150x150.jpg\" class=\"attachment-thumbnail size-thumbnail\" alt=\"\" srcset=\"https:\/\/schlossinsellauf.de\/wp-content\/uploads\/2023\/02\/krausnicker-berge-lauf-2023-1-150x150.jpg 150w, https:\/\/schlossinsellauf.de\/wp-content\/uploads\/2023\/02\/krausnicker-berge-lauf-2023-1-90x90.jpg 90w, https:\/\/schlossinsellauf.de\/wp-content\/uploads\/2023\/02\/krausnicker-berge-lauf-2023-1-75x75.jpg 75w\" sizes=\"auto, (max-width: 150px) 100vw, 150px\" \/><\/a>\n\t\t\t<\/dt><\/dl><br style=\"clear: both\" \/><dl class='gallery-item'>\n\t\t\t<dt class='gallery-icon portrait'>\n\t\t\t\t<a href='https:\/\/schlossinsellauf.de\/index.php\/2023\/02\/26\/podium-in-orange\/krausnicker-berge-lauf-2023-4\/'><img loading=\"lazy\" decoding=\"async\" width=\"150\" height=\"150\" src=\"https:\/\/schlossinsellauf.de\/wp-content\/uploads\/2023\/02\/krausnicker-berge-lauf-2023-4-150x150.jpg\" class=\"attachment-thumbnail size-thumbnail\" alt=\"\" srcset=\"https:\/\/schlossinsellauf.de\/wp-content\/uploads\/2023\/02\/krausnicker-berge-lauf-2023-4-150x150.jpg 150w, https:\/\/schlossinsellauf.de\/wp-content\/uploads\/2023\/02\/krausnicker-berge-lauf-2023-4-90x90.jpg 90w, https:\/\/schlossinsellauf.de\/wp-content\/uploads\/2023\/02\/krausnicker-berge-lauf-2023-4-75x75.jpg 75w\" sizes=\"auto, (max-width: 150px) 100vw, 150px\" \/><\/a>\n\t\t\t<\/dt><\/dl><dl class='gallery-item'>\n\t\t\t<dt class='gallery-icon portrait'>\n\t\t\t\t<a href='https:\/\/schlossinsellauf.de\/index.php\/2023\/02\/26\/podium-in-orange\/krausnicker-berge-lauf-2023-10\/'><img loading=\"lazy\" decoding=\"async\" width=\"150\" height=\"150\" src=\"https:\/\/schlossinsellauf.de\/wp-content\/uploads\/2023\/02\/krausnicker-berge-lauf-2023-10-150x150.jpg\" class=\"attachment-thumbnail size-thumbnail\" alt=\"\" srcset=\"https:\/\/schlossinsellauf.de\/wp-content\/uploads\/2023\/02\/krausnicker-berge-lauf-2023-10-150x150.jpg 150w, https:\/\/schlossinsellauf.de\/wp-content\/uploads\/2023\/02\/krausnicker-berge-lauf-2023-10-90x90.jpg 90w, https:\/\/schlossinsellauf.de\/wp-content\/uploads\/2023\/02\/krausnicker-berge-lauf-2023-10-75x75.jpg 75w\" sizes=\"auto, (max-width: 150px) 100vw, 150px\" \/><\/a>\n\t\t\t<\/dt><\/dl><br style=\"clear: both\" \/><dl class='gallery-item'>\n\t\t\t<dt class='gallery-icon portrait'>\n\t\t\t\t<a href='https:\/\/schlossinsellauf.de\/index.php\/2023\/02\/26\/podium-in-orange\/krausnicker-berge-lauf-2023-3\/'><img loading=\"lazy\" decoding=\"async\" width=\"150\" height=\"150\" src=\"https:\/\/schlossinsellauf.de\/wp-content\/uploads\/2023\/02\/krausnicker-berge-lauf-2023-3-150x150.jpg\" class=\"attachment-thumbnail size-thumbnail\" alt=\"\" srcset=\"https:\/\/schlossinsellauf.de\/wp-content\/uploads\/2023\/02\/krausnicker-berge-lauf-2023-3-150x150.jpg 150w, https:\/\/schlossinsellauf.de\/wp-content\/uploads\/2023\/02\/krausnicker-berge-lauf-2023-3-90x90.jpg 90w, https:\/\/schlossinsellauf.de\/wp-content\/uploads\/2023\/02\/krausnicker-berge-lauf-2023-3-75x75.jpg 75w\" sizes=\"auto, (max-width: 150px) 100vw, 150px\" \/><\/a>\n\t\t\t<\/dt><\/dl>\n\t\t\t<br style='clear: both' \/>\n\t\t<\/div>\n\n","protected":false},"excerpt":{"rendered":"<p>Am heutigen Sonntag reisten wir endlich mal wieder in die Krausnicker Berge zum dortigen Lauf. Dieser regionale Traditionslauf war einige Jahre unser Startschuss in die Saison und soll es nun nach Beendigung der zwangsbedingten Pause gern wieder werden. Mit insgesamt 27 Athleten und einigem BegleiterInnen sind wir an den Start gegangen und haben bei ziemlich guten Bedingungen unsere Runden gedreht.<\/p>\n","protected":false},"author":2,"featured_media":3768,"comment_status":"open","ping_status":"open","sticky":false,"template":"","format":"standard","meta":{"ngg_post_thumbnail":0,"footnotes":"","_links_to":"","_links_to_target":""},"categories":[3],"tags":[],"class_list":["post-3766","post","type-post","status-publish","format-standard","has-post-thumbnail","hentry","category-laufgemeinschaft"],"_links":{"self":[{"href":"https:\/\/schlossinsellauf.de\/index.php\/wp-json\/wp\/v2\/posts\/3766","targetHints":{"allow":["GET"]}}],"collection":[{"href":"https:\/\/schlossinsellauf.de\/index.php\/wp-json\/wp\/v2\/posts"}],"about":[{"href":"https:\/\/schlossinsellauf.de\/index.php\/wp-json\/wp\/v2\/types\/post"}],"author":[{"embeddable":true,"href":"https:\/\/schlossinsellauf.de\/index.php\/wp-json\/wp\/v2\/users\/2"}],"replies":[{"embeddable":true,"href":"https:\/\/schlossinsellauf.de\/index.php\/wp-json\/wp\/v2\/comments?post=3766"}],"version-history":[{"count":1,"href":"https:\/\/schlossinsellauf.de\/index.php\/wp-json\/wp\/v2\/posts\/3766\/revisions"}],"predecessor-version":[{"id":3780,"href":"https:\/\/schlossinsellauf.de\/index.php\/wp-json\/wp\/v2\/posts\/3766\/revisions\/3780"}],"wp:featuredmedia":[{"embeddable":true,"href":"https:\/\/schlossinsellauf.de\/index.php\/wp-json\/wp\/v2\/media\/3768"}],"wp:attachment":[{"href":"https:\/\/schlossinsellauf.de\/index.php\/wp-json\/wp\/v2\/media?parent=3766"}],"wp:term":[{"taxonomy":"category","embeddable":true,"href":"https:\/\/schlossinsellauf.de\/index.php\/wp-json\/wp\/v2\/categories?post=3766"},{"taxonomy":"post_tag","embeddable":true,"href":"https:\/\/schlossinsellauf.de\/index.php\/wp-json\/wp\/v2\/tags?post=3766"}],"curies":[{"name":"wp","href":"https:\/\/api.w.org\/{rel}","templated":true}]}}