{"id":607,"date":"2018-02-10T21:57:26","date_gmt":"2018-02-10T20:57:26","guid":{"rendered":"https:\/\/schlossinsellauf.de\/?p=607"},"modified":"2018-03-03T08:15:33","modified_gmt":"2018-03-03T07:15:33","slug":"der-start-der-saison-steht-bevor","status":"publish","type":"post","link":"https:\/\/schlossinsellauf.de\/index.php\/2018\/02\/10\/der-start-der-saison-steht-bevor\/","title":{"rendered":"Der Start der Saison steht bevor"},"content":{"rendered":"<p>Die Kinder sind in den vergangenen Monaten durchgelaufen, sind dementsprechend bestens auf die kommenden 11 Wertungsl\u00e4ufe des Spreewaldcup 2018 von Februar bis Oktober vorbereitet. Den gesamten Herbst und Winter konnten wir Dank der relativ milden Witterung bei fast jedem Training mit den Kindern raus in den L\u00fcbbener Hain oder in Richtung Lehnigksberg rein in den Spreewald laufen.<\/p>\n<p>Im vergangenen Jahr sind wir bei allen L\u00e4ufen des Cups mit bis zu 30 Teilnehmern quantitativ stark aufgetreten. Viele unserer L\u00e4ufer haben in der vergangenen Saison erste Wettkampferfahrungen sammeln und sich auf den unterschiedlichen Distanzen l\u00e4uferisch weiter entwickeln k\u00f6nnen. Andere von uns starteten von Beginn an durch und r\u00e4umten regelm\u00e4\u00dfig auf dem Podium ab.<br \/>\nAn die starke Auftaktsaison gilt es nun anzukn\u00fcpfen und die n\u00e4chsten kleinen und gro\u00dfen L\u00e4ufer in unser Team zu integrieren.<\/p>\n<p>Angesteckt von den eigenen Kindern haben sich seit dem Fr\u00fchjahr des letzten Jahres einige Eltern zur <a href=\"https:\/\/schlossinsellauf.de\/index.php\/lauftreff\/erwachsenen-lauftreff\/\">Erwachsenen-Laufgruppe<\/a> zusammen gefunden. Inzwischen sind sogar einige L\u00e4ufer zu uns gesto\u00dfen, die mit der Evangelischen Grundschule L\u00fcbben nicht unmittelbar etwas zu tun haben. Es verbindet uns aber das Eine \u2013 die Freude am Laufen! Mittwochs laufen wir gemeinsam jede Woche abends unsere individuelle Runde.<img loading=\"lazy\" decoding=\"async\" class=\"aligncenter wp-image-610 size-full\" title=\"Die orangenen Laufshirts h\u00e4ngen frisch auf der Leine und warten darauf durchgeschwitzt zu werden\" src=\"https:\/\/schlossinsellauf.de\/wp-content\/uploads\/2018\/02\/lauf-shirts-auf-der-leine_1.jpg\" alt=\"Die orangenen Laufshirts h\u00e4ngen frisch auf der Leine und warten darauf durchgeschwitzt zu werden\" width=\"309\" height=\"543\" srcset=\"https:\/\/schlossinsellauf.de\/wp-content\/uploads\/2018\/02\/lauf-shirts-auf-der-leine_1.jpg 309w, https:\/\/schlossinsellauf.de\/wp-content\/uploads\/2018\/02\/lauf-shirts-auf-der-leine_1-171x300.jpg 171w\" sizes=\"auto, (max-width: 309px) 100vw, 309px\" \/><\/p>\n<p>Die Spannung steigt also und in zwei Wochen am Sonntag, den 25.02.2018 beginnt die Saison mit dem Krausnicker-Berge-Lauf. Eine Veranstaltung mit Tradition und bew\u00e4hrten anspruchsvollen Strecken auf die wir uns bereits freuen. Die orangenen Shirts sind frisch gewaschen und warten auf ihren Einsatz.<\/p>\n","protected":false},"excerpt":{"rendered":"<p>Die Kinder sind in den vergangenen Monaten durchgelaufen, sind dementsprechend bestens auf die kommenden 11 Wertungsl\u00e4ufe des Spreewaldcup 2018 von Februar bis Oktober vorbereitet. Den gesamten Herbst und Winter konnten wir Dank der relativ milden Witterung bei fast jedem Training mit den Kindern raus in den L\u00fcbbener Hain oder in Richtung Lehnigksberg rein in den Spreewald laufen. Im vergangenen Jahr<\/p>\n","protected":false},"author":2,"featured_media":612,"comment_status":"open","ping_status":"open","sticky":false,"template":"","format":"standard","meta":{"ngg_post_thumbnail":0,"footnotes":"","_links_to":"","_links_to_target":""},"categories":[3],"tags":[],"class_list":["post-607","post","type-post","status-publish","format-standard","has-post-thumbnail","hentry","category-laufgemeinschaft"],"_links":{"self":[{"href":"https:\/\/schlossinsellauf.de\/index.php\/wp-json\/wp\/v2\/posts\/607","targetHints":{"allow":["GET"]}}],"collection":[{"href":"https:\/\/schlossinsellauf.de\/index.php\/wp-json\/wp\/v2\/posts"}],"about":[{"href":"https:\/\/schlossinsellauf.de\/index.php\/wp-json\/wp\/v2\/types\/post"}],"author":[{"embeddable":true,"href":"https:\/\/schlossinsellauf.de\/index.php\/wp-json\/wp\/v2\/users\/2"}],"replies":[{"embeddable":true,"href":"https:\/\/schlossinsellauf.de\/index.php\/wp-json\/wp\/v2\/comments?post=607"}],"version-history":[{"count":5,"href":"https:\/\/schlossinsellauf.de\/index.php\/wp-json\/wp\/v2\/posts\/607\/revisions"}],"predecessor-version":[{"id":614,"href":"https:\/\/schlossinsellauf.de\/index.php\/wp-json\/wp\/v2\/posts\/607\/revisions\/614"}],"wp:featuredmedia":[{"embeddable":true,"href":"https:\/\/schlossinsellauf.de\/index.php\/wp-json\/wp\/v2\/media\/612"}],"wp:attachment":[{"href":"https:\/\/schlossinsellauf.de\/index.php\/wp-json\/wp\/v2\/media?parent=607"}],"wp:term":[{"taxonomy":"category","embeddable":true,"href":"https:\/\/schlossinsellauf.de\/index.php\/wp-json\/wp\/v2\/categories?post=607"},{"taxonomy":"post_tag","embeddable":true,"href":"https:\/\/schlossinsellauf.de\/index.php\/wp-json\/wp\/v2\/tags?post=607"}],"curies":[{"name":"wp","href":"https:\/\/api.w.org\/{rel}","templated":true}]}}