{"id":619,"date":"2018-02-26T17:11:43","date_gmt":"2018-02-26T16:11:43","guid":{"rendered":"https:\/\/schlossinsellauf.de\/?p=619"},"modified":"2018-03-03T08:15:25","modified_gmt":"2018-03-03T07:15:25","slug":"frierst-du-noch-oder-laeufst-du-schon","status":"publish","type":"post","link":"https:\/\/schlossinsellauf.de\/index.php\/2018\/02\/26\/frierst-du-noch-oder-laeufst-du-schon\/","title":{"rendered":"Frierst du noch oder l\u00e4ufst du schon\u2026?"},"content":{"rendered":"<p>Mit dem Krausnicker Bergelauf fiel heute der Startschuss in die neue Saison. 23 L\u00e4uferinnen und L\u00e4ufer starteten bei eisigen Temperaturen und strahlendem Sonnenschein f\u00fcr die Evangelische Grundschule L\u00fcbben. Die Strecke \u00fcber 2 km lag auch diesmal fest in den H\u00e4nden der Kinder unserer Lauf-AG. <em>Thien Vandrey<\/em>, <em>Karl Tulke<\/em> und <em>Levi Hinz<\/em> f\u00e4rbten das Podium in unserem Orange und freuten sich \u00fcber originelle Pokale. Auch die kleinen Damen mit <em>Emma und Pia Kirsche<\/em> gl\u00e4nzten mit tollen Zeiten auf Platz 1 und 3. Insgesamt 15 Kinder der Lauf-AG trotzten heute dem Wetter und der Grippe-Welle und liefen mit Stolz in das Ziel. Dank des hei\u00dfen Tees und einer wunderbaren Organisation hielten alle ihre Urkunden zeitnah in warmen H\u00e4nden. Auch die Erwachsenen zeigten \u00fcber 6 und 13 km tolle Leistungen und lie\u00dfen sich von den anspruchsvollen H\u00f6hen nicht abschrecken. Dennis Kirsche und Ronny Vandrey, Mitglieder des Eltern-Lauftreffs der Evangelischen Grundschule, vertraten uns mit respektvollen Zeiten auf der 13 km Strecke, wodurch sogar ein weiterer Bronze-Pokal an die Familie Kirsche ging.<\/p>\n<p>Dank der wunderbaren Leistungen unserer gro\u00dfen und kleinen L\u00e4ufer, der zahlreichen Unterst\u00fctzung engagierter Eltern und dem Daumendr\u00fccken des erkrankten Teils unseres Teams, hatten wir einen erfolgreichen Start, der auf eine spannende und siegreiche Saison hoffen l\u00e4sst.<\/p>\n\n\t\t<style type=\"text\/css\">\n\t\t\t#gallery-1 {\n\t\t\t\tmargin: auto;\n\t\t\t}\n\t\t\t#gallery-1 .gallery-item {\n\t\t\t\tfloat: left;\n\t\t\t\tmargin-top: 10px;\n\t\t\t\ttext-align: center;\n\t\t\t\twidth: 33%;\n\t\t\t}\n\t\t\t#gallery-1 img {\n\t\t\t\tborder: 2px solid #cfcfcf;\n\t\t\t}\n\t\t\t#gallery-1 .gallery-caption {\n\t\t\t\tmargin-left: 0;\n\t\t\t}\n\t\t\t\/* see gallery_shortcode() in wp-includes\/media.php *\/\n\t\t<\/style>\n\t\t<div id='gallery-1' class='gallery galleryid-619 gallery-columns-3 gallery-size-thumbnail'><dl class='gallery-item'>\n\t\t\t<dt class='gallery-icon portrait'>\n\t\t\t\t<a href='https:\/\/schlossinsellauf.de\/wp-content\/uploads\/2018\/02\/2017-Krausnicker-Berge-Pokallauf-1.jpg'><img loading=\"lazy\" decoding=\"async\" width=\"150\" height=\"150\" src=\"https:\/\/schlossinsellauf.de\/wp-content\/uploads\/2018\/02\/2017-Krausnicker-Berge-Pokallauf-1-150x150.jpg\" class=\"attachment-thumbnail size-thumbnail\" alt=\"\" srcset=\"https:\/\/schlossinsellauf.de\/wp-content\/uploads\/2018\/02\/2017-Krausnicker-Berge-Pokallauf-1-150x150.jpg 150w, https:\/\/schlossinsellauf.de\/wp-content\/uploads\/2018\/02\/2017-Krausnicker-Berge-Pokallauf-1-90x90.jpg 90w, https:\/\/schlossinsellauf.de\/wp-content\/uploads\/2018\/02\/2017-Krausnicker-Berge-Pokallauf-1-75x75.jpg 75w\" sizes=\"auto, (max-width: 150px) 100vw, 150px\" \/><\/a>\n\t\t\t<\/dt><\/dl><dl class='gallery-item'>\n\t\t\t<dt class='gallery-icon landscape'>\n\t\t\t\t<a href='https:\/\/schlossinsellauf.de\/wp-content\/uploads\/2018\/02\/2017-Krausnicker-Berge-Pokallauf-3.jpg'><img loading=\"lazy\" decoding=\"async\" width=\"150\" height=\"150\" src=\"https:\/\/schlossinsellauf.de\/wp-content\/uploads\/2018\/02\/2017-Krausnicker-Berge-Pokallauf-3-150x150.jpg\" class=\"attachment-thumbnail size-thumbnail\" alt=\"\" srcset=\"https:\/\/schlossinsellauf.de\/wp-content\/uploads\/2018\/02\/2017-Krausnicker-Berge-Pokallauf-3-150x150.jpg 150w, https:\/\/schlossinsellauf.de\/wp-content\/uploads\/2018\/02\/2017-Krausnicker-Berge-Pokallauf-3-90x90.jpg 90w, https:\/\/schlossinsellauf.de\/wp-content\/uploads\/2018\/02\/2017-Krausnicker-Berge-Pokallauf-3-75x75.jpg 75w\" sizes=\"auto, (max-width: 150px) 100vw, 150px\" \/><\/a>\n\t\t\t<\/dt><\/dl><dl class='gallery-item'>\n\t\t\t<dt class='gallery-icon landscape'>\n\t\t\t\t<a href='https:\/\/schlossinsellauf.de\/wp-content\/uploads\/2018\/02\/2017-Krausnicker-Berge-Pokallauf-8.jpg'><img loading=\"lazy\" decoding=\"async\" width=\"150\" height=\"150\" src=\"https:\/\/schlossinsellauf.de\/wp-content\/uploads\/2018\/02\/2017-Krausnicker-Berge-Pokallauf-8-150x150.jpg\" class=\"attachment-thumbnail size-thumbnail\" alt=\"\" srcset=\"https:\/\/schlossinsellauf.de\/wp-content\/uploads\/2018\/02\/2017-Krausnicker-Berge-Pokallauf-8-150x150.jpg 150w, https:\/\/schlossinsellauf.de\/wp-content\/uploads\/2018\/02\/2017-Krausnicker-Berge-Pokallauf-8-90x90.jpg 90w, https:\/\/schlossinsellauf.de\/wp-content\/uploads\/2018\/02\/2017-Krausnicker-Berge-Pokallauf-8-75x75.jpg 75w\" sizes=\"auto, (max-width: 150px) 100vw, 150px\" \/><\/a>\n\t\t\t<\/dt><\/dl><br style=\"clear: both\" \/><dl class='gallery-item'>\n\t\t\t<dt class='gallery-icon landscape'>\n\t\t\t\t<a href='https:\/\/schlossinsellauf.de\/wp-content\/uploads\/2018\/02\/2017-Krausnicker-Berge-Pokallauf-6.jpg'><img loading=\"lazy\" decoding=\"async\" width=\"150\" height=\"150\" src=\"https:\/\/schlossinsellauf.de\/wp-content\/uploads\/2018\/02\/2017-Krausnicker-Berge-Pokallauf-6-150x150.jpg\" class=\"attachment-thumbnail size-thumbnail\" alt=\"\" srcset=\"https:\/\/schlossinsellauf.de\/wp-content\/uploads\/2018\/02\/2017-Krausnicker-Berge-Pokallauf-6-150x150.jpg 150w, https:\/\/schlossinsellauf.de\/wp-content\/uploads\/2018\/02\/2017-Krausnicker-Berge-Pokallauf-6-90x90.jpg 90w, https:\/\/schlossinsellauf.de\/wp-content\/uploads\/2018\/02\/2017-Krausnicker-Berge-Pokallauf-6-75x75.jpg 75w\" sizes=\"auto, (max-width: 150px) 100vw, 150px\" \/><\/a>\n\t\t\t<\/dt><\/dl><dl class='gallery-item'>\n\t\t\t<dt class='gallery-icon landscape'>\n\t\t\t\t<a href='https:\/\/schlossinsellauf.de\/wp-content\/uploads\/2018\/02\/2017-Krausnicker-Berge-Pokallauf-5.jpg'><img loading=\"lazy\" decoding=\"async\" width=\"150\" height=\"150\" src=\"https:\/\/schlossinsellauf.de\/wp-content\/uploads\/2018\/02\/2017-Krausnicker-Berge-Pokallauf-5-150x150.jpg\" class=\"attachment-thumbnail size-thumbnail\" alt=\"\" srcset=\"https:\/\/schlossinsellauf.de\/wp-content\/uploads\/2018\/02\/2017-Krausnicker-Berge-Pokallauf-5-150x150.jpg 150w, https:\/\/schlossinsellauf.de\/wp-content\/uploads\/2018\/02\/2017-Krausnicker-Berge-Pokallauf-5-90x90.jpg 90w, https:\/\/schlossinsellauf.de\/wp-content\/uploads\/2018\/02\/2017-Krausnicker-Berge-Pokallauf-5-75x75.jpg 75w\" sizes=\"auto, (max-width: 150px) 100vw, 150px\" \/><\/a>\n\t\t\t<\/dt><\/dl><dl class='gallery-item'>\n\t\t\t<dt class='gallery-icon landscape'>\n\t\t\t\t<a href='https:\/\/schlossinsellauf.de\/wp-content\/uploads\/2018\/02\/2017-Krausnicker-Berge-Pokallauf-4.jpg'><img loading=\"lazy\" decoding=\"async\" width=\"150\" height=\"150\" src=\"https:\/\/schlossinsellauf.de\/wp-content\/uploads\/2018\/02\/2017-Krausnicker-Berge-Pokallauf-4-150x150.jpg\" class=\"attachment-thumbnail size-thumbnail\" alt=\"\" srcset=\"https:\/\/schlossinsellauf.de\/wp-content\/uploads\/2018\/02\/2017-Krausnicker-Berge-Pokallauf-4-150x150.jpg 150w, https:\/\/schlossinsellauf.de\/wp-content\/uploads\/2018\/02\/2017-Krausnicker-Berge-Pokallauf-4-90x90.jpg 90w, https:\/\/schlossinsellauf.de\/wp-content\/uploads\/2018\/02\/2017-Krausnicker-Berge-Pokallauf-4-75x75.jpg 75w\" sizes=\"auto, (max-width: 150px) 100vw, 150px\" \/><\/a>\n\t\t\t<\/dt><\/dl><br style=\"clear: both\" \/><dl class='gallery-item'>\n\t\t\t<dt class='gallery-icon portrait'>\n\t\t\t\t<a href='https:\/\/schlossinsellauf.de\/wp-content\/uploads\/2018\/02\/2017-Krausnicker-Berge-Pokallauf-2.jpg'><img loading=\"lazy\" decoding=\"async\" width=\"150\" height=\"150\" src=\"https:\/\/schlossinsellauf.de\/wp-content\/uploads\/2018\/02\/2017-Krausnicker-Berge-Pokallauf-2-150x150.jpg\" class=\"attachment-thumbnail size-thumbnail\" alt=\"\" srcset=\"https:\/\/schlossinsellauf.de\/wp-content\/uploads\/2018\/02\/2017-Krausnicker-Berge-Pokallauf-2-150x150.jpg 150w, https:\/\/schlossinsellauf.de\/wp-content\/uploads\/2018\/02\/2017-Krausnicker-Berge-Pokallauf-2-90x90.jpg 90w, https:\/\/schlossinsellauf.de\/wp-content\/uploads\/2018\/02\/2017-Krausnicker-Berge-Pokallauf-2-75x75.jpg 75w\" sizes=\"auto, (max-width: 150px) 100vw, 150px\" \/><\/a>\n\t\t\t<\/dt><\/dl><dl class='gallery-item'>\n\t\t\t<dt class='gallery-icon portrait'>\n\t\t\t\t<a href='https:\/\/schlossinsellauf.de\/wp-content\/uploads\/2018\/02\/2017-Krausnicker-Berge-Pokallauf-7.jpg'><img loading=\"lazy\" decoding=\"async\" width=\"150\" height=\"150\" src=\"https:\/\/schlossinsellauf.de\/wp-content\/uploads\/2018\/02\/2017-Krausnicker-Berge-Pokallauf-7-150x150.jpg\" class=\"attachment-thumbnail size-thumbnail\" alt=\"\" srcset=\"https:\/\/schlossinsellauf.de\/wp-content\/uploads\/2018\/02\/2017-Krausnicker-Berge-Pokallauf-7-150x150.jpg 150w, https:\/\/schlossinsellauf.de\/wp-content\/uploads\/2018\/02\/2017-Krausnicker-Berge-Pokallauf-7-90x90.jpg 90w, https:\/\/schlossinsellauf.de\/wp-content\/uploads\/2018\/02\/2017-Krausnicker-Berge-Pokallauf-7-75x75.jpg 75w\" sizes=\"auto, (max-width: 150px) 100vw, 150px\" \/><\/a>\n\t\t\t<\/dt><\/dl>\n\t\t\t<br style='clear: both' \/>\n\t\t<\/div>\n\n","protected":false},"excerpt":{"rendered":"<p>Mit dem Krausnicker Bergelauf fiel heute der Startschuss in die neue Saison. 23 L\u00e4uferinnen und L\u00e4ufer starteten bei eisigen Temperaturen und strahlendem Sonnenschein f\u00fcr die Evangelische Grundschule L\u00fcbben. Die Strecke \u00fcber 2 km lag auch diesmal fest in den H\u00e4nden der Kinder unserer Lauf-AG. Thien Vandrey, Karl Tulke und Levi Hinz f\u00e4rbten das Podium in unserem Orange und freuten sich<\/p>\n","protected":false},"author":2,"featured_media":622,"comment_status":"open","ping_status":"open","sticky":false,"template":"","format":"standard","meta":{"ngg_post_thumbnail":0,"footnotes":"","_links_to":"","_links_to_target":""},"categories":[3],"tags":[],"class_list":["post-619","post","type-post","status-publish","format-standard","has-post-thumbnail","hentry","category-laufgemeinschaft"],"_links":{"self":[{"href":"https:\/\/schlossinsellauf.de\/index.php\/wp-json\/wp\/v2\/posts\/619","targetHints":{"allow":["GET"]}}],"collection":[{"href":"https:\/\/schlossinsellauf.de\/index.php\/wp-json\/wp\/v2\/posts"}],"about":[{"href":"https:\/\/schlossinsellauf.de\/index.php\/wp-json\/wp\/v2\/types\/post"}],"author":[{"embeddable":true,"href":"https:\/\/schlossinsellauf.de\/index.php\/wp-json\/wp\/v2\/users\/2"}],"replies":[{"embeddable":true,"href":"https:\/\/schlossinsellauf.de\/index.php\/wp-json\/wp\/v2\/comments?post=619"}],"version-history":[{"count":5,"href":"https:\/\/schlossinsellauf.de\/index.php\/wp-json\/wp\/v2\/posts\/619\/revisions"}],"predecessor-version":[{"id":634,"href":"https:\/\/schlossinsellauf.de\/index.php\/wp-json\/wp\/v2\/posts\/619\/revisions\/634"}],"wp:featuredmedia":[{"embeddable":true,"href":"https:\/\/schlossinsellauf.de\/index.php\/wp-json\/wp\/v2\/media\/622"}],"wp:attachment":[{"href":"https:\/\/schlossinsellauf.de\/index.php\/wp-json\/wp\/v2\/media?parent=619"}],"wp:term":[{"taxonomy":"category","embeddable":true,"href":"https:\/\/schlossinsellauf.de\/index.php\/wp-json\/wp\/v2\/categories?post=619"},{"taxonomy":"post_tag","embeddable":true,"href":"https:\/\/schlossinsellauf.de\/index.php\/wp-json\/wp\/v2\/tags?post=619"}],"curies":[{"name":"wp","href":"https:\/\/api.w.org\/{rel}","templated":true}]}}